{"id":152,"date":"2025-03-19T00:00:00","date_gmt":"2025-03-19T00:00:00","guid":{"rendered":"https:\/\/vanbeek-recycel.nl\/het-effect-van-textuur-blazers-met-lange-jurken-in-verschillende-stoffen\/"},"modified":"2025-03-19T00:00:00","modified_gmt":"2025-03-19T00:00:00","slug":"het-effect-van-textuur-blazers-met-lange-jurken-in-verschillende-stoffen","status":"publish","type":"post","link":"https:\/\/vanbeek-recycel.nl\/ro\/het-effect-van-textuur-blazers-met-lange-jurken-in-verschillende-stoffen\/","title":{"rendered":"Efectul texturii: sacouri cu rochii lungi din diferite materiale"},"content":{"rendered":"<div class=\"kk-star-ratings kksr-auto kksr-align-left kksr-valign-top\"\n    data-payload='{&quot;align&quot;:&quot;left&quot;,&quot;id&quot;:&quot;152&quot;,&quot;slug&quot;:&quot;default&quot;,&quot;valign&quot;:&quot;top&quot;,&quot;ignore&quot;:&quot;&quot;,&quot;reference&quot;:&quot;auto&quot;,&quot;class&quot;:&quot;&quot;,&quot;count&quot;:&quot;0&quot;,&quot;legendonly&quot;:&quot;&quot;,&quot;readonly&quot;:&quot;&quot;,&quot;score&quot;:&quot;0&quot;,&quot;starsonly&quot;:&quot;&quot;,&quot;best&quot;:&quot;5&quot;,&quot;gap&quot;:&quot;5&quot;,&quot;greet&quot;:&quot;Rate this post&quot;,&quot;legend&quot;:&quot;0\\\/5 - (0 votes)&quot;,&quot;size&quot;:&quot;24&quot;,&quot;title&quot;:&quot;Het effect van textuur: Blazers met lange jurken in verschillende stoffen&quot;,&quot;width&quot;:&quot;0&quot;,&quot;_legend&quot;:&quot;{score}\\\/{best} - ({count} {votes})&quot;,&quot;font_factor&quot;:&quot;1.25&quot;}'>\n            \n<div class=\"kksr-stars\">\n    \n<div class=\"kksr-stars-inactive\">\n            <div class=\"kksr-star\" data-star=\"1\" style=\"padding-right: 5px\">\n            \n\n<div class=\"kksr-icon\" style=\"width: 24px; height: 24px;\"><\/div>\n        <\/div>\n            <div class=\"kksr-star\" data-star=\"2\" style=\"padding-right: 5px\">\n            \n\n<div class=\"kksr-icon\" style=\"width: 24px; height: 24px;\"><\/div>\n        <\/div>\n            <div class=\"kksr-star\" data-star=\"3\" style=\"padding-right: 5px\">\n            \n\n<div class=\"kksr-icon\" style=\"width: 24px; height: 24px;\"><\/div>\n        <\/div>\n            <div class=\"kksr-star\" data-star=\"4\" style=\"padding-right: 5px\">\n            \n\n<div class=\"kksr-icon\" style=\"width: 24px; height: 24px;\"><\/div>\n        <\/div>\n            <div class=\"kksr-star\" data-star=\"5\" style=\"padding-right: 5px\">\n            \n\n<div class=\"kksr-icon\" style=\"width: 24px; height: 24px;\"><\/div>\n        <\/div>\n    <\/div>\n    \n<div class=\"kksr-stars-active\" style=\"width: 0px;\">\n            <div class=\"kksr-star\" style=\"padding-right: 5px\">\n            \n\n<div class=\"kksr-icon\" style=\"width: 24px; height: 24px;\"><\/div>\n        <\/div>\n            <div class=\"kksr-star\" style=\"padding-right: 5px\">\n            \n\n<div class=\"kksr-icon\" style=\"width: 24px; height: 24px;\"><\/div>\n        <\/div>\n            <div class=\"kksr-star\" style=\"padding-right: 5px\">\n            \n\n<div class=\"kksr-icon\" style=\"width: 24px; height: 24px;\"><\/div>\n        <\/div>\n            <div class=\"kksr-star\" style=\"padding-right: 5px\">\n            \n\n<div class=\"kksr-icon\" style=\"width: 24px; height: 24px;\"><\/div>\n        <\/div>\n            <div class=\"kksr-star\" style=\"padding-right: 5px\">\n            \n\n<div class=\"kksr-icon\" style=\"width: 24px; height: 24px;\"><\/div>\n        <\/div>\n    <\/div>\n<\/div>\n                \n\n<div class=\"kksr-legend\" style=\"font-size: 19.2px;\">\n            <span class=\"kksr-muted\">Evalueaz\u0103 aceast\u0103 postare<\/span>\n    <\/div>\n    <\/div>\n<p>Atunci c\u00e2nd asortezi sacouri cu rochii lungi, este esen\u021bial s\u0103 acorzi aten\u021bie texturii \u021bes\u0103turilor. Textura potrivit\u0103 poate da tonul \u021binutei tale \u0219i \u00eei poate duce aspectul la nivelul urm\u0103tor. De\u0219i majoritatea oamenilor se concentreaz\u0103 pe culori \u0219i stiluri, uneori uit\u0103 impactul pe care \u021bes\u0103turile \u00eel pot avea asupra aspectului general. \u00cen acest ghid, ve\u021bi descoperi cum diferite materiale afecteaz\u0103 aspectul \u0219i aplicarea sacourilor \u0219i rochiilor maxi. Vei \u00eenv\u0103\u021ba sfaturi \u0219i trucuri pentru combinarea diferitelor texturi \u0219i cum joac\u0103 culoarea \u0219i modelul un rol \u00een acest sens. Preg\u0103te\u0219te-te s\u0103 descoperi mai multe despre lumea modei \u0219i a stilului!<\/p>\n<h2>Influen\u021ba texturii asupra aspectului<\/h2>\n<p><img decoding=\"async\" alt=\"Zes vrouwen in kleurrijke pakken poseren in een bloemenrijke tuin in het voorjaar.\" src=\"https:\/\/vanbeek-recycel.nl\/wp-content\/uploads\/image7d3cc8ba4d2c4bd2bc75a4da49459a81.png\"\/><\/p>\n<p>Textura poate transforma esen\u021ba unei \u021binute. Determin\u0103 nu doar cum se simt \u021bes\u0103turile, ci \u0219i cum se poart\u0103. Iat\u0103 c\u00e2teva materiale populare folosite adesea pentru sacouri \u0219i rochii maxi:<\/p>\n<ul>\n<li>Bumbac \u2013 respirabil \u0219i confortabil; perfect pentru \u00eenceputuri casual.<\/li>\n<li>In \u2013 o alegere u\u0219oar\u0103 \u0219i aerisit\u0103 pentru moda de var\u0103.<\/li>\n<li>L\u00e2n\u0103 \u2013 ofer\u0103 c\u0103ldur\u0103 \u0219i un aspect luxos pentru iarn\u0103.<\/li>\n<li>M\u0103tasea \u2013 eman\u0103 elegan\u021b\u0103 \u0219i este ideal\u0103 pentru ocazii speciale.<\/li>\n<\/ul>\n<p>Atunci c\u00e2nd alegi un blazer sau o rochie maxi, ia \u00een considerare cum se va potrivi materialul cu tipul t\u0103u de corp \u0219i cu ocazia. Bumbacul \u0219i inul sunt perfecte pentru uzul zilnic, \u00een timp ce l\u00e2na \u0219i m\u0103tasea sunt mai potrivite pentru evenimente speciale. Combinarea diferitelor materiale poate da via\u021b\u0103, la propriu, unei \u021binute. Iat\u0103 la ce s\u0103 fii atent atunci c\u00e2nd combini texturi:<\/p>\n<ol>\n<li>Asigur\u0103-te c\u0103 \u021bes\u0103turile se completeaz\u0103 reciproc.<\/li>\n<li>Alege un echilibru \u00eentre \u021bes\u0103turi grele \u0219i u\u0219oare.<\/li>\n<li>Experimenteaz\u0103 cu texturi contrastante pentru un aspect dinamic.<\/li>\n<\/ol>\n<h2>Combinarea texturilor<\/h2>\n<p><img decoding=\"async\" alt=\"Beige blazer over een effen jurkje in een georganiseerde kledingkast. Elegante, moderne mode.\" src=\"https:\/\/vanbeek-recycel.nl\/wp-content\/uploads\/imageca6d1e8d14c94cbc95c790bcf0ac223e.png\"\/><\/p>\n<p>Una dintre cele mai inspirate modalit\u0103\u021bi de a stiliza sacouri \u0219i rochii maxi este prin combinarea diferitelor texturi. Acest lucru poate crea un aspect \u00eendr\u0103zne\u021b \u0219i unic, care va face ca \u021binuta ta s\u0103 ias\u0103 \u00een eviden\u021b\u0103 fa\u021b\u0103 de mul\u021bime. \u00cencepe\u021bi cu elementele de baz\u0103 ale combin\u0103rii texturilor. O modalitate util\u0103 de a face acest lucru este s\u0103 \u021bine\u021bi cont de acest tabel simplu:<\/p>\n<table border=\"1\">\n<tr>\n<th>Tip de material<\/th>\n<th>Tipuri de \u021binute<\/th>\n<\/tr>\n<tr>\n<td>Bumbac<\/td>\n<td>Casual, de zi cu zi<\/td>\n<\/tr>\n<tr>\n<td>Lenjerie<\/td>\n<td>Var\u0103, plaj\u0103<\/td>\n<\/tr>\n<tr>\n<td>L\u00e2n\u0103<\/td>\n<td>Iarn\u0103, festiv\u0103<\/td>\n<\/tr>\n<tr>\n<td>Partea<\/td>\n<td>Formal\u0103, gal\u0103<\/td>\n<\/tr>\n<\/table>\n<p>F\u0103c\u00e2nd combina\u021biile potrivite, po\u021bi crea o \u021binut\u0103 interesant\u0103 din punct de vedere vizual, care s\u0103 reflecte personalitatea ta. Experimenteaz\u0103 cu sacouri groase tricotate, asortate cu rochii delicate de m\u0103tase. Acest contrast creeaz\u0103 o dinamic\u0103 juc\u0103u\u0219\u0103 care \u00ee\u021bi \u00eembun\u0103t\u0103\u021be\u0219te aspectul. De asemenea, acord\u0103 aten\u021bie culorilor \u0219i modelelor din \u021binuta ta, deoarece acestea pot accentua \u0219i mai mult eficien\u021ba texturii.<\/p>\n<h2>Culoare \u0219i model combinate cu textur\u0103<\/h2>\n<p>Pe l\u00e2ng\u0103 textur\u0103, culoarea \u0219i modelul sunt, de asemenea, indispensabile \u00een alegerile tale vestimentare. Culorile str\u0103lucitoare \u0219i modelele \u00eendr\u0103zne\u021be pot completa textura \u021bes\u0103turilor \u00eentr-un mod pozitiv. G\u00e2nde\u0219te-te la impactul unui blazer colorat asupra unei rochii lungi \u0219i simple. Nu numai c\u0103 te ajut\u0103 s\u0103-\u021bi faci \u021binuta mai atr\u0103g\u0103toare din punct de vedere vizual, dar \u00ee\u021bi poate \u00eembun\u0103t\u0103\u021bi \u0219i starea de spirit \u0219i \u00eencrederea \u00een sine.<\/p>\n<p>Iat\u0103 c\u00e2teva sfaturi pentru combinarea culorilor \u0219i modelelor cu texturile:<\/p>\n<ul>\n<li>Alege culori care se potrivesc cu nuan\u021ba pielii \u0219i culoarea p\u0103rului t\u0103u.<\/li>\n<li>Folose\u0219te modele pentru a atrage aten\u021bia asupra unor p\u0103r\u021bi specifice ale \u021binutei tale.<\/li>\n<li>Experimenteaz\u0103 cu look-uri monocrome pentru a crea un aspect elegant \u0219i modern.<\/li>\n<\/ul>\n<h2>Concluzie<\/h2>\n<p>Textura, combinat\u0103 cu culoarea \u0219i modelul, joac\u0103 un rol fundamental \u00een crearea unei \u021binute coerente cu sacouri \u0219i rochii lungi. Aleg\u00e2nd con\u0219tient \u021bes\u0103turi precum bumbacul, inul, l\u00e2na \u0219i m\u0103tasea, po\u021bi \u00eembun\u0103t\u0103\u021bi nu doar estetica, ci \u0219i func\u021bionalitatea \u021binutei tale. Nu v\u0103 fie team\u0103 s\u0103 experimenta\u021bi cu diferite texturi \u0219i culori, deoarece moda \u00eenseamn\u0103 exprimarea propriei persoane. D\u0103 fr\u00e2u liber creativit\u0103\u021bii tale \u0219i descoper\u0103 ce func\u021bioneaz\u0103 cel mai bine pentru tine. Lumea texturilor, culorilor \u0219i modelelor este nelimitat\u0103, iar fiecare ansamblu ofer\u0103 oportunitatea de a crea ceva unic.<\/p>\n<h2>\u00centreb\u0103ri frecvente<\/h2>\n<ul>\n<li><strong>Care este cel mai bun material pentru un blazer vara?<\/strong><br \/> Bumbacul sau inul sunt alegeri ideale deoarece sunt respirabile \u0219i u\u0219oare.<\/li>\n<li><strong>Cum pot combina diferite texturi?<\/strong><br \/> De exemplu, combin\u0103 un sacou tricotat cu o rochie neted\u0103 din m\u0103tase pentru contrast.<\/li>\n<li><strong>Ce texturi sunt potrivite pentru o ocazie formal\u0103?<\/strong><br \/> \u021aes\u0103turile din m\u0103tase \u0219i l\u00e2n\u0103 sunt perfecte pentru un aspect mai elegant.<\/li>\n<li><strong>Este important s\u0103 lu\u0103m \u00een considerare vremea atunci c\u00e2nd alegem texturi?<\/strong><br \/> Da, \u021bes\u0103turile mai groase, precum l\u00e2na, sunt mai potrivite pentru lunile mai reci, \u00een timp ce \u021bes\u0103turile mai u\u0219oare sunt mai potrivite pentru zilele mai calde.<\/li>\n<\/ul>","protected":false},"excerpt":{"rendered":"<p>Atunci c\u00e2nd asortezi sacouri cu rochii lungi, este esen\u021bial s\u0103 acorzi aten\u021bie texturii \u021bes\u0103turilor. Textura potrivit\u0103<\/p>","protected":false},"author":1,"featured_media":146,"comment_status":"closed","ping_status":"closed","sticky":false,"template":"","format":"standard","meta":{"_acf_changed":false,"footnotes":""},"categories":[1],"tags":[],"class_list":["post-152","post","type-post","status-publish","format-standard","has-post-thumbnail","hentry","category-bloggen"],"acf":[],"yoast_head":"<!-- This site is optimized with the Yoast SEO plugin v23.2 - https:\/\/yoast.com\/wordpress\/plugins\/seo\/ -->\n<title>Het effect van textuur: Blazers en lange jurken in diverse stoffen<\/title>\n<meta name=\"description\" content=\"Ontdek hoe je blazers en lange jurken kunt combineren met verschillende stoffen voor een stijlvolle uitstraling. Tips en trucs binnen!\" \/>\n<meta name=\"robots\" content=\"index, follow, max-snippet:-1, max-image-preview:large, max-video-preview:-1\" \/>\n<link rel=\"canonical\" href=\"https:\/\/vanbeek-recycel.nl\/ro\/het-effect-van-textuur-blazers-met-lange-jurken-in-verschillende-stoffen\/\" \/>\n<meta property=\"og:locale\" content=\"ro_RO\" \/>\n<meta property=\"og:type\" content=\"article\" \/>\n<meta property=\"og:title\" content=\"Het effect van textuur: Blazers en lange jurken in diverse stoffen\" \/>\n<meta property=\"og:description\" content=\"Ontdek hoe je blazers en lange jurken kunt combineren met verschillende stoffen voor een stijlvolle uitstraling. Tips en trucs binnen!\" \/>\n<meta property=\"og:url\" content=\"https:\/\/vanbeek-recycel.nl\/ro\/het-effect-van-textuur-blazers-met-lange-jurken-in-verschillende-stoffen\/\" \/>\n<meta property=\"og:site_name\" content=\"vanbeek-recycel.nl\" \/>\n<meta property=\"article:published_time\" content=\"2025-03-19T00:00:00+00:00\" \/>\n<meta property=\"og:image\" content=\"https:\/\/vanbeek-recycel.nl\/wp-content\/uploads\/imagecd8da314ee9046da833b3611beebb9d3.png\" \/>\n\t<meta property=\"og:image:width\" content=\"1024\" \/>\n\t<meta property=\"og:image:height\" content=\"768\" \/>\n\t<meta property=\"og:image:type\" content=\"image\/png\" \/>\n<meta name=\"author\" content=\"Axel Leclercq\" \/>\n<meta name=\"twitter:card\" content=\"summary_large_image\" \/>\n<meta name=\"twitter:label1\" content=\"Scris de\" \/>\n\t<meta name=\"twitter:data1\" content=\"Axel Leclercq\" \/>\n\t<meta name=\"twitter:label2\" content=\"Timp estimat pentru citire\" \/>\n\t<meta name=\"twitter:data2\" content=\"4 minute\" \/>\n<script type=\"application\/ld+json\" class=\"yoast-schema-graph\">{\"@context\":\"https:\/\/schema.org\",\"@graph\":[{\"@type\":\"WebPage\",\"@id\":\"https:\/\/vanbeek-recycel.nl\/het-effect-van-textuur-blazers-met-lange-jurken-in-verschillende-stoffen\/\",\"url\":\"https:\/\/vanbeek-recycel.nl\/het-effect-van-textuur-blazers-met-lange-jurken-in-verschillende-stoffen\/\",\"name\":\"Het effect van textuur: Blazers en lange jurken in diverse stoffen\",\"isPartOf\":{\"@id\":\"https:\/\/vanbeek-recycel.nl\/#website\"},\"primaryImageOfPage\":{\"@id\":\"https:\/\/vanbeek-recycel.nl\/het-effect-van-textuur-blazers-met-lange-jurken-in-verschillende-stoffen\/#primaryimage\"},\"image\":{\"@id\":\"https:\/\/vanbeek-recycel.nl\/het-effect-van-textuur-blazers-met-lange-jurken-in-verschillende-stoffen\/#primaryimage\"},\"thumbnailUrl\":\"https:\/\/vanbeek-recycel.nl\/wp-content\/uploads\/imagecd8da314ee9046da833b3611beebb9d3.png\",\"datePublished\":\"2025-03-19T00:00:00+00:00\",\"dateModified\":\"2025-03-19T00:00:00+00:00\",\"author\":{\"@id\":\"https:\/\/vanbeek-recycel.nl\/#\/schema\/person\/f254f6153451f4947b1d0db720fdcfb9\"},\"description\":\"Ontdek hoe je blazers en lange jurken kunt combineren met verschillende stoffen voor een stijlvolle uitstraling. Tips en trucs binnen!\",\"breadcrumb\":{\"@id\":\"https:\/\/vanbeek-recycel.nl\/het-effect-van-textuur-blazers-met-lange-jurken-in-verschillende-stoffen\/#breadcrumb\"},\"inLanguage\":\"ro-RO\",\"potentialAction\":[{\"@type\":\"ReadAction\",\"target\":[\"https:\/\/vanbeek-recycel.nl\/het-effect-van-textuur-blazers-met-lange-jurken-in-verschillende-stoffen\/\"]}]},{\"@type\":\"ImageObject\",\"inLanguage\":\"ro-RO\",\"@id\":\"https:\/\/vanbeek-recycel.nl\/het-effect-van-textuur-blazers-met-lange-jurken-in-verschillende-stoffen\/#primaryimage\",\"url\":\"https:\/\/vanbeek-recycel.nl\/wp-content\/uploads\/imagecd8da314ee9046da833b3611beebb9d3.png\",\"contentUrl\":\"https:\/\/vanbeek-recycel.nl\/wp-content\/uploads\/imagecd8da314ee9046da833b3611beebb9d3.png\",\"width\":1024,\"height\":768},{\"@type\":\"BreadcrumbList\",\"@id\":\"https:\/\/vanbeek-recycel.nl\/het-effect-van-textuur-blazers-met-lange-jurken-in-verschillende-stoffen\/#breadcrumb\",\"itemListElement\":[{\"@type\":\"ListItem\",\"position\":1,\"name\":\"Home\",\"item\":\"https:\/\/vanbeek-recycel.nl\/\"},{\"@type\":\"ListItem\",\"position\":2,\"name\":\"Het effect van textuur: Blazers met lange jurken in verschillende stoffen\"}]},{\"@type\":\"WebSite\",\"@id\":\"https:\/\/vanbeek-recycel.nl\/#website\",\"url\":\"https:\/\/vanbeek-recycel.nl\/\",\"name\":\"vanbeek-recycel.nl\",\"description\":\"Tips voor jouw perfecte look en stijl\",\"potentialAction\":[{\"@type\":\"SearchAction\",\"target\":{\"@type\":\"EntryPoint\",\"urlTemplate\":\"https:\/\/vanbeek-recycel.nl\/?s={search_term_string}\"},\"query-input\":\"required name=search_term_string\"}],\"inLanguage\":\"ro-RO\"},{\"@type\":\"Person\",\"@id\":\"https:\/\/vanbeek-recycel.nl\/#\/schema\/person\/f254f6153451f4947b1d0db720fdcfb9\",\"name\":\"Axel Leclercq\",\"image\":{\"@type\":\"ImageObject\",\"inLanguage\":\"ro-RO\",\"@id\":\"https:\/\/vanbeek-recycel.nl\/#\/schema\/person\/image\/\",\"url\":\"https:\/\/vanbeek-recycel.nl\/wp-content\/uploads\/axel-leclercq_avatar-96x96.jpg\",\"contentUrl\":\"https:\/\/vanbeek-recycel.nl\/wp-content\/uploads\/axel-leclercq_avatar-96x96.jpg\",\"caption\":\"Axel Leclercq\"},\"description\":\"Axel Leclercq is een mode-expert met meer dan tien jaar ervaring in de mode-industrie. Na zijn studie modecommunicatie werkte hij als stylist en redacteur voor toonaangevende modetijdschriften. Tegenwoordig deelt hij zijn passie en kennis via blogs, workshops en stijladvies.\",\"url\":\"https:\/\/vanbeek-recycel.nl\/ro\/author\/axel-leclercq\/\"}]}<\/script>\n<!-- \/ Yoast SEO plugin. -->","yoast_head_json":{"title":"Het effect van textuur: Blazers en lange jurken in diverse stoffen","description":"Ontdek hoe je blazers en lange jurken kunt combineren met verschillende stoffen voor een stijlvolle uitstraling. Tips en trucs binnen!","robots":{"index":"index","follow":"follow","max-snippet":"max-snippet:-1","max-image-preview":"max-image-preview:large","max-video-preview":"max-video-preview:-1"},"canonical":"https:\/\/vanbeek-recycel.nl\/ro\/het-effect-van-textuur-blazers-met-lange-jurken-in-verschillende-stoffen\/","og_locale":"ro_RO","og_type":"article","og_title":"Het effect van textuur: Blazers en lange jurken in diverse stoffen","og_description":"Ontdek hoe je blazers en lange jurken kunt combineren met verschillende stoffen voor een stijlvolle uitstraling. Tips en trucs binnen!","og_url":"https:\/\/vanbeek-recycel.nl\/ro\/het-effect-van-textuur-blazers-met-lange-jurken-in-verschillende-stoffen\/","og_site_name":"vanbeek-recycel.nl","article_published_time":"2025-03-19T00:00:00+00:00","og_image":[{"width":1024,"height":768,"url":"https:\/\/vanbeek-recycel.nl\/wp-content\/uploads\/imagecd8da314ee9046da833b3611beebb9d3.png","type":"image\/png"}],"author":"Axel Leclercq","twitter_card":"summary_large_image","twitter_misc":{"Scris de":"Axel Leclercq","Timp estimat pentru citire":"4 minute"},"schema":{"@context":"https:\/\/schema.org","@graph":[{"@type":"WebPage","@id":"https:\/\/vanbeek-recycel.nl\/het-effect-van-textuur-blazers-met-lange-jurken-in-verschillende-stoffen\/","url":"https:\/\/vanbeek-recycel.nl\/het-effect-van-textuur-blazers-met-lange-jurken-in-verschillende-stoffen\/","name":"Het effect van textuur: Blazers en lange jurken in diverse stoffen","isPartOf":{"@id":"https:\/\/vanbeek-recycel.nl\/#website"},"primaryImageOfPage":{"@id":"https:\/\/vanbeek-recycel.nl\/het-effect-van-textuur-blazers-met-lange-jurken-in-verschillende-stoffen\/#primaryimage"},"image":{"@id":"https:\/\/vanbeek-recycel.nl\/het-effect-van-textuur-blazers-met-lange-jurken-in-verschillende-stoffen\/#primaryimage"},"thumbnailUrl":"https:\/\/vanbeek-recycel.nl\/wp-content\/uploads\/imagecd8da314ee9046da833b3611beebb9d3.png","datePublished":"2025-03-19T00:00:00+00:00","dateModified":"2025-03-19T00:00:00+00:00","author":{"@id":"https:\/\/vanbeek-recycel.nl\/#\/schema\/person\/f254f6153451f4947b1d0db720fdcfb9"},"description":"Ontdek hoe je blazers en lange jurken kunt combineren met verschillende stoffen voor een stijlvolle uitstraling. Tips en trucs binnen!","breadcrumb":{"@id":"https:\/\/vanbeek-recycel.nl\/het-effect-van-textuur-blazers-met-lange-jurken-in-verschillende-stoffen\/#breadcrumb"},"inLanguage":"ro-RO","potentialAction":[{"@type":"ReadAction","target":["https:\/\/vanbeek-recycel.nl\/het-effect-van-textuur-blazers-met-lange-jurken-in-verschillende-stoffen\/"]}]},{"@type":"ImageObject","inLanguage":"ro-RO","@id":"https:\/\/vanbeek-recycel.nl\/het-effect-van-textuur-blazers-met-lange-jurken-in-verschillende-stoffen\/#primaryimage","url":"https:\/\/vanbeek-recycel.nl\/wp-content\/uploads\/imagecd8da314ee9046da833b3611beebb9d3.png","contentUrl":"https:\/\/vanbeek-recycel.nl\/wp-content\/uploads\/imagecd8da314ee9046da833b3611beebb9d3.png","width":1024,"height":768},{"@type":"BreadcrumbList","@id":"https:\/\/vanbeek-recycel.nl\/het-effect-van-textuur-blazers-met-lange-jurken-in-verschillende-stoffen\/#breadcrumb","itemListElement":[{"@type":"ListItem","position":1,"name":"Home","item":"https:\/\/vanbeek-recycel.nl\/"},{"@type":"ListItem","position":2,"name":"Het effect van textuur: Blazers met lange jurken in verschillende stoffen"}]},{"@type":"WebSite","@id":"https:\/\/vanbeek-recycel.nl\/#website","url":"https:\/\/vanbeek-recycel.nl\/","name":"vanbeek-recycel.nl","description":"Tips voor jouw perfecte look en stijl","potentialAction":[{"@type":"SearchAction","target":{"@type":"EntryPoint","urlTemplate":"https:\/\/vanbeek-recycel.nl\/?s={search_term_string}"},"query-input":"required name=search_term_string"}],"inLanguage":"ro-RO"},{"@type":"Person","@id":"https:\/\/vanbeek-recycel.nl\/#\/schema\/person\/f254f6153451f4947b1d0db720fdcfb9","name":"Axel Leclercq","image":{"@type":"ImageObject","inLanguage":"ro-RO","@id":"https:\/\/vanbeek-recycel.nl\/#\/schema\/person\/image\/","url":"https:\/\/vanbeek-recycel.nl\/wp-content\/uploads\/axel-leclercq_avatar-96x96.jpg","contentUrl":"https:\/\/vanbeek-recycel.nl\/wp-content\/uploads\/axel-leclercq_avatar-96x96.jpg","caption":"Axel Leclercq"},"description":"Axel Leclercq is een mode-expert met meer dan tien jaar ervaring in de mode-industrie. Na zijn studie modecommunicatie werkte hij als stylist en redacteur voor toonaangevende modetijdschriften. Tegenwoordig deelt hij zijn passie en kennis via blogs, workshops en stijladvies.","url":"https:\/\/vanbeek-recycel.nl\/ro\/author\/axel-leclercq\/"}]}},"yoast_meta":{"yoast_wpseo_title":"","yoast_wpseo_metadesc":"","yoast_wpseo_canonical":"https:\/\/vanbeek-recycel.nl\/ro\/wp-json\/wp\/v2\/posts\/152"},"_links":{"self":[{"href":"https:\/\/vanbeek-recycel.nl\/ro\/wp-json\/wp\/v2\/posts\/152","targetHints":{"allow":["GET"]}}],"collection":[{"href":"https:\/\/vanbeek-recycel.nl\/ro\/wp-json\/wp\/v2\/posts"}],"about":[{"href":"https:\/\/vanbeek-recycel.nl\/ro\/wp-json\/wp\/v2\/types\/post"}],"author":[{"embeddable":true,"href":"https:\/\/vanbeek-recycel.nl\/ro\/wp-json\/wp\/v2\/users\/1"}],"replies":[{"embeddable":true,"href":"https:\/\/vanbeek-recycel.nl\/ro\/wp-json\/wp\/v2\/comments?post=152"}],"version-history":[{"count":0,"href":"https:\/\/vanbeek-recycel.nl\/ro\/wp-json\/wp\/v2\/posts\/152\/revisions"}],"wp:featuredmedia":[{"embeddable":true,"href":"https:\/\/vanbeek-recycel.nl\/ro\/wp-json\/wp\/v2\/media\/146"}],"wp:attachment":[{"href":"https:\/\/vanbeek-recycel.nl\/ro\/wp-json\/wp\/v2\/media?parent=152"}],"wp:term":[{"taxonomy":"category","embeddable":true,"href":"https:\/\/vanbeek-recycel.nl\/ro\/wp-json\/wp\/v2\/categories?post=152"},{"taxonomy":"post_tag","embeddable":true,"href":"https:\/\/vanbeek-recycel.nl\/ro\/wp-json\/wp\/v2\/tags?post=152"}],"curies":[{"name":"wp","href":"https:\/\/api.w.org\/{rel}","templated":true}]}}