{"id":155,"date":"2025-03-18T00:00:00","date_gmt":"2025-03-18T00:00:00","guid":{"rendered":"https:\/\/vanbeek-recycel.nl\/tips-voor-het-combineren-van-een-witte-broek-met-een-overshirt\/"},"modified":"2025-03-18T00:00:00","modified_gmt":"2025-03-18T00:00:00","slug":"tips-voor-het-combineren-van-een-witte-broek-met-een-overshirt","status":"publish","type":"post","link":"https:\/\/vanbeek-recycel.nl\/ro\/tips-voor-het-combineren-van-een-witte-broek-met-een-overshirt\/","title":{"rendered":"Sfaturi pentru asortarea pantalonilor albi cu o c\u0103ma\u0219\u0103 oversize"},"content":{"rendered":"<div class=\"kk-star-ratings kksr-auto kksr-align-left kksr-valign-top\"\n    data-payload='{&quot;align&quot;:&quot;left&quot;,&quot;id&quot;:&quot;155&quot;,&quot;slug&quot;:&quot;default&quot;,&quot;valign&quot;:&quot;top&quot;,&quot;ignore&quot;:&quot;&quot;,&quot;reference&quot;:&quot;auto&quot;,&quot;class&quot;:&quot;&quot;,&quot;count&quot;:&quot;0&quot;,&quot;legendonly&quot;:&quot;&quot;,&quot;readonly&quot;:&quot;&quot;,&quot;score&quot;:&quot;0&quot;,&quot;starsonly&quot;:&quot;&quot;,&quot;best&quot;:&quot;5&quot;,&quot;gap&quot;:&quot;5&quot;,&quot;greet&quot;:&quot;Rate this post&quot;,&quot;legend&quot;:&quot;0\\\/5 - (0 votes)&quot;,&quot;size&quot;:&quot;24&quot;,&quot;title&quot;:&quot;Tips voor het combineren van een witte broek met een overshirt&quot;,&quot;width&quot;:&quot;0&quot;,&quot;_legend&quot;:&quot;{score}\\\/{best} - ({count} {votes})&quot;,&quot;font_factor&quot;:&quot;1.25&quot;}'>\n            \n<div class=\"kksr-stars\">\n    \n<div class=\"kksr-stars-inactive\">\n            <div class=\"kksr-star\" data-star=\"1\" style=\"padding-right: 5px\">\n            \n\n<div class=\"kksr-icon\" style=\"width: 24px; height: 24px;\"><\/div>\n        <\/div>\n            <div class=\"kksr-star\" data-star=\"2\" style=\"padding-right: 5px\">\n            \n\n<div class=\"kksr-icon\" style=\"width: 24px; height: 24px;\"><\/div>\n        <\/div>\n            <div class=\"kksr-star\" data-star=\"3\" style=\"padding-right: 5px\">\n            \n\n<div class=\"kksr-icon\" style=\"width: 24px; height: 24px;\"><\/div>\n        <\/div>\n            <div class=\"kksr-star\" data-star=\"4\" style=\"padding-right: 5px\">\n            \n\n<div class=\"kksr-icon\" style=\"width: 24px; height: 24px;\"><\/div>\n        <\/div>\n            <div class=\"kksr-star\" data-star=\"5\" style=\"padding-right: 5px\">\n            \n\n<div class=\"kksr-icon\" style=\"width: 24px; height: 24px;\"><\/div>\n        <\/div>\n    <\/div>\n    \n<div class=\"kksr-stars-active\" style=\"width: 0px;\">\n            <div class=\"kksr-star\" style=\"padding-right: 5px\">\n            \n\n<div class=\"kksr-icon\" style=\"width: 24px; height: 24px;\"><\/div>\n        <\/div>\n            <div class=\"kksr-star\" style=\"padding-right: 5px\">\n            \n\n<div class=\"kksr-icon\" style=\"width: 24px; height: 24px;\"><\/div>\n        <\/div>\n            <div class=\"kksr-star\" style=\"padding-right: 5px\">\n            \n\n<div class=\"kksr-icon\" style=\"width: 24px; height: 24px;\"><\/div>\n        <\/div>\n            <div class=\"kksr-star\" style=\"padding-right: 5px\">\n            \n\n<div class=\"kksr-icon\" style=\"width: 24px; height: 24px;\"><\/div>\n        <\/div>\n            <div class=\"kksr-star\" style=\"padding-right: 5px\">\n            \n\n<div class=\"kksr-icon\" style=\"width: 24px; height: 24px;\"><\/div>\n        <\/div>\n    <\/div>\n<\/div>\n                \n\n<div class=\"kksr-legend\" style=\"font-size: 19.2px;\">\n            <span class=\"kksr-muted\">Evalueaz\u0103 aceast\u0103 postare<\/span>\n    <\/div>\n    <\/div>\n<p>Lumea modei este \u00een continu\u0103 schimbare, cu apari\u021bia \u0219i dispari\u021bia unor noi tendin\u021be \u0219i stiluri. Totu\u0219i, exist\u0103 unele combina\u021bii care r\u0103m\u00e2n atemporale \u0219i fac \u00eentotdeauna o impresie bun\u0103. Una dintre aceste combina\u021bii este pantalonii albi cu o c\u0103ma\u0219\u0103. Aceast\u0103 pereche nu ofer\u0103 doar diversitate \u00een stil, ci \u0219i o oportunitate unic\u0103 de a-\u021bi exprima aspectul personal. Folosirea unei c\u0103m\u0103\u0219i oversize ca pies\u0103 vestimentar\u0103 versatil\u0103 \u00ee\u021bi poate \u00eembun\u0103t\u0103\u021bi instantaneu \u021binuta. Este perfect pentru aproape orice ocazie, de la ie\u0219iri casual p\u00e2n\u0103 la evenimente mai formale. Hai s\u0103 descoperim cum s\u0103 cre\u0103m aceast\u0103 combina\u021bie elegant\u0103 \u0219i care sunt cele mai bune alegeri de purtat.<\/p>\n<h2>Alege c\u0103ma\u0219a potrivit\u0103<\/h2>\n<p><img decoding=\"async\" alt=\"Een man in een caf\u00e9 leest op zijn telefoon terwijl hij ontspannen aan een tafel zit. Een glas melk staat naast hem.\" src=\"https:\/\/vanbeek-recycel.nl\/wp-content\/uploads\/image34962be067cf41df979ca23d5fcc4cd8.png\"\/><\/p>\n<p>Atunci c\u00e2nd creezi \u021binuta perfect\u0103 cu pantaloni albi, totul \u00eencepe cu alegerea c\u0103m\u0103\u0219ii. Stilul, culoarea \u0219i materialul sunt elemente cruciale care influen\u021beaz\u0103 aspectul general. C\u0103m\u0103\u0219ile sunt disponibile \u00eentr-o varietate de \u021bes\u0103turi, cum ar fi denim, bumbac \u0219i in, fiecare material av\u00e2nd propria sa not\u0103 unic\u0103. G\u00e2nde\u0219te-te ce se potrive\u0219te cel mai bine ocaziei \u0219i cum vrei s\u0103 \u00eel stilizezi. \u00cen plus, este important s\u0103 g\u0103se\u0219ti un echilibru \u00eentre c\u0103ma\u0219a \u0219i pantalonii albi, astfel \u00eenc\u00e2t \u021binuta s\u0103 se simt\u0103 armonioas\u0103. Combina\u021bia potrivit\u0103 poate crea o declara\u021bie de mod\u0103 care reflect\u0103 \u00een mod inconfundabil stilul t\u0103u.<\/p>\n<h3>Material \u0219i textur\u0103<\/h3>\n<p>Materialul din care este confec\u021bionat\u0103 c\u0103ma\u0219a ta joac\u0103 un rol esen\u021bial \u00een aspectul \u021binutei tale. Bumbacul este respirabil \u0219i perfect pentru lunile mai calde, \u00een timp ce denimul are un aspect rezistent pentru un look casual. Inul este ideal pentru senza\u021bia sa u\u0219oar\u0103 \u0219i aerisit\u0103, perfect pentru zilele de var\u0103. Alegerea materialului potrivit v\u0103 va oferi confort indiferent de anotimp. Asta \u00eenseamn\u0103 c\u0103 \u021binuta ta este at\u00e2t practic\u0103, c\u00e2t \u0219i elegant\u0103. Exploreaz\u0103 diferitele op\u021biuni \u0219i alege ce \u021bi se potrive\u0219te cel mai bine.<\/p>\n<h3>Culoare \u0219i model<\/h3>\n<p>Alegerea culorii este, de asemenea, foarte important\u0103. Culorile neutre precum griul, bejul sau nuan\u021bele pastelate sunt sigure \u0219i versatile. Totu\u0219i, vrei s\u0103 faci o declara\u021bie? Apoi, ia \u00een considerare s\u0103 optezi pentru ceva mai \u00eendr\u0103zne\u021b, cum ar fi o c\u0103ma\u0219\u0103 \u00een culori aprinse sau cu model. Combinarea pantalonilor albi cu o culoare \u00eendr\u0103znea\u021b\u0103 poate face \u021binuta interesant\u0103. Este, de asemenea, o modalitate excelent\u0103 de a-\u021bi ar\u0103ta personalitatea prin aspectul t\u0103u. D\u0103 fr\u00e2u liber creativit\u0103\u021bii \u0219i experimenteaz\u0103 cu diferite culori \u0219i modele.<\/p>\n<h2>Sfaturi de stilizare pentru un look perfect<\/h2>\n<p><img decoding=\"async\" alt=\"Een man en een vrouw in witte outfits lachen en wandelen samen in een groene parkomgeving.\" src=\"https:\/\/vanbeek-recycel.nl\/wp-content\/uploads\/imagef0c034fb401945c78bbe4a176d0977de.png\"\/><\/p>\n<p>Acum c\u0103 ai ales c\u0103ma\u0219a potrivit\u0103, e timpul s\u0103 faci un pas mai departe. Stilul poate face diferen\u021ba dintre o \u021binut\u0103 obi\u0219nuit\u0103 \u0219i una spectaculoas\u0103. Purtarea c\u0103m\u0103\u0219ii \u00eentr-un anumit mod poate \u00eembun\u0103t\u0103\u021bi semnificativ aspectul general al \u021binutei tale. Po\u021bi urma aceste sfaturi pentru a-\u021bi rafina \u021binuta \u0219i a-\u021bi \u00eembun\u0103t\u0103\u021bi stilul. De asemenea, este important s\u0103 te g\u00e2nde\u0219ti cu aten\u021bie la accesoriile pe care le alegi, deoarece acestea pot completa \u021binuta.<\/p>\n<h3>\u00cen pantaloni sau peste pantaloni?<\/h3>\n<p>\u00cen func\u021bie de aspectul pe care vrei s\u0103 \u00eel ob\u021bii, po\u021bi alege s\u0103 por\u021bi c\u0103ma\u0219a b\u0103gat\u0103 \u00een pantaloni sau peste ei. Un aspect mai formal poate fi ob\u021binut prin b\u0103garea c\u0103ma\u0219ei \u00een pantaloni. Acest lucru las\u0103 o impresie de ordonat \u0219i organizat. Pe de alt\u0103 parte, purtarea c\u0103m\u0103\u0219ii peste pantaloni ofer\u0103 o senza\u021bie casual \u0219i relaxat\u0103. Aceast\u0103 alegere este perfect\u0103 pentru ocazii casual sau pentru o ie\u0219ire \u00een ora\u0219. Experimenteaz\u0103 ambele stiluri \u0219i vezi ce \u021bi se potrive\u0219te cel mai bine.<\/p>\n<h3>Ad\u0103uga\u021bi accesorii<\/h3>\n<p>Atunci c\u00e2nd \u00ee\u021bi aranjezi \u021binuta, accesoriile pot juca un rol important. Iat\u0103 c\u00e2teva accesorii indispensabile care \u00ee\u021bi pot \u00eembun\u0103t\u0103\u021bi \u021binuta:<\/p>\n<ul>\n<li>Bijuterii precum un colier simplu sau br\u0103\u021b\u0103ri pentru o not\u0103 de elegan\u021b\u0103.<\/li>\n<li>O curea elegant\u0103 care s\u0103-\u021bi accentueze aspectul.<\/li>\n<li>O p\u0103l\u0103rie sau ochelari de soare pentru un aspect modern.<\/li>\n<\/ul>\n<p>Ad\u0103ugarea acestor accesorii poate completa \u021binuta \u0219i te poate asigura c\u0103 ar\u0103\u021bi bine indiferent de ocazie.<\/p>\n<table border=\"1\">\n<tr>\n<th>Sezon<\/th>\n<th>Tipul c\u0103m\u0103\u0219ii<\/th>\n<th>Stilul pantofului<\/th>\n<\/tr>\n<tr>\n<td>Var\u0103<\/td>\n<td>In sau m\u00e2neci scurte<\/td>\n<td>Adida\u0219i sau sandale<\/td>\n<\/tr>\n<tr>\n<td>Iarn\u0103<\/td>\n<td>M\u00e2nec\u0103 lung\u0103 cu pulover<\/td>\n<td>Ghete sau ghete din piele<\/td>\n<\/tr>\n<\/table>\n<h2>\u00cenc\u0103l\u021b\u0103minte potrivit\u0103 pentru combina\u021bie<\/h2>\n<p>Pantofii sunt o pies\u0103 important\u0103 care poate face sau desface aspectul general al \u021binutei tale. Alegerea \u00eenc\u0103l\u021b\u0103mintei ar trebui s\u0103 fie \u00een concordan\u021b\u0103 cu stilul pe care dori\u021bi s\u0103 \u00eel ob\u021bine\u021bi. Pentru a completa aspectul perfect, iat\u0103 c\u00e2teva op\u021biuni:<\/p>\n<ol>\n<li>Teni\u0219i: ideali pentru un look casual, mai ales \u00een culori neutre.<\/li>\n<li>Ghete din piele: potrivite pentru o ocazie mai \u0219ic.<\/li>\n<li>Pantofi sport f\u0103r\u0103 m\u00e2neci: u\u0219ori \u0219i elegan\u021bi, perfec\u021bi pentru o zi relaxant\u0103.<\/li>\n<\/ol>\n<p>Pantofii de top \u00ee\u021bi pot \u00eembun\u0103t\u0103\u021bi semnificativ \u021binuta \u0219i te pot face s\u0103 ar\u0103\u021bi c\u00e2t mai bine.<\/p>\n<h2>Sfaturi sezoniere<\/h2>\n<p>\u021ainuta potrivit\u0103 \u00eenseamn\u0103 \u0219i s\u0103 \u021bii cont de anotimp. Vara, a \u021bine pasul cu vremea este crucial pentru a r\u0103m\u00e2ne elegant \u0219i confortabil. Alege materiale u\u0219oare \u0219i culori \u00eendr\u0103zne\u021be pentru a crea un aspect proasp\u0103t. Iarna, po\u021bi combina bluza cu un pulover c\u0103lduros sau o jachet\u0103 elegant\u0103 pentru mai multe straturi. Acest lucru nu numai c\u0103 ofer\u0103 c\u0103ldur\u0103, ci \u0219i un aspect modern. Alegerile sezoniere te vor ajuta s\u0103 ar\u0103\u021bi c\u00e2t mai bine, indiferent de vreme.<\/p>\n<h2>Concluzie<\/h2>\n<p>Combinarea pantalonilor albi cu o c\u0103ma\u0219\u0103 oversize ofer\u0103 nenum\u0103rate posibilit\u0103\u021bi pentru a crea un look la mod\u0103 \u0219i atemporal. Aleg\u00e2nd cu aten\u021bie materialele, culorile \u0219i accesoriile, po\u021bi crea o \u021binut\u0103 care nu este doar elegant\u0103, ci se potrive\u0219te \u0219i personalit\u0103\u021bii tale. Indiferent dac\u0103 ai o ocazie formal\u0103 sau doar o ie\u0219ire casual, aceast\u0103 combina\u021bie poate fi \u021binuta ta preferat\u0103. A\u0219a c\u0103 mergi la magazin, alege-\u021bi c\u0103ma\u0219a preferat\u0103 \u0219i experimenteaz\u0103 diferite stiluri pentru a crea un look complet personalizat.<\/p>\n<h2>\u00centreb\u0103ri frecvente<\/h2>\n<ul>\n<li><strong>Ce fel de c\u0103ma\u0219\u0103 se potrive\u0219te cel mai bine cu pantaloni albi?<\/strong> Culorile neutre precum griul sau albastrul deschis func\u021bioneaz\u0103 bine, dar \u0219i c\u0103m\u0103\u0219ile str\u0103lucitoare sau cu model pot fi distractive.<\/li>\n<li><strong>Pot purta pantaloni albi iarna?<\/strong> Absolut! Combin\u0103 pantalonii albi cu haine c\u0103lduroase \u00een straturi \u0219i un palton elegant pentru un look de iarn\u0103.<\/li>\n<li><strong>Ce fel de pantofi pot purta cu aceast\u0103 \u021binut\u0103?<\/strong> Teni\u0219ii, cizmele din piele \u0219i mocasinii sunt toate op\u021biuni bune, \u00een func\u021bie de ocazie.<\/li>\n<li><strong>Cum \u00eemi pot personaliza \u0219i mai mult aspectul?<\/strong> Adaug\u0103 accesorii precum bijuterii, o p\u0103l\u0103rie sau o curea pentru a face \u021binuta ta unic\u0103 \u0219i a reflecta stilul t\u0103u personal.<\/li>\n<\/ul>","protected":false},"excerpt":{"rendered":"<p>Lumea modei este \u00een continu\u0103 schimbare, cu apari\u021bia \u0219i dispari\u021bia unor noi tendin\u021be \u0219i stiluri. Totu\u0219i, exist\u0103 unele combina\u021bii care r\u0103m\u00e2n atemporale \u0219i \u00eentotdeauna...<\/p>","protected":false},"author":1,"featured_media":140,"comment_status":"closed","ping_status":"closed","sticky":false,"template":"","format":"standard","meta":{"_acf_changed":false,"footnotes":""},"categories":[1],"tags":[],"class_list":["post-155","post","type-post","status-publish","format-standard","has-post-thumbnail","hentry","category-bloggen"],"acf":[],"yoast_head":"<!-- This site is optimized with the Yoast SEO plugin v23.2 - https:\/\/yoast.com\/wordpress\/plugins\/seo\/ -->\n<title>Stijlvolle Combinaties: Tips voor het Draag van een Witte Broek met een Overshirt<\/title>\n<meta name=\"description\" content=\"Ontdek hoe je een witte broek stijlvol kunt combineren met een overshirt. Tips voor kleur, materiaal en accessoires voor elk seizoen!\" \/>\n<meta name=\"robots\" content=\"index, follow, max-snippet:-1, max-image-preview:large, max-video-preview:-1\" \/>\n<link rel=\"canonical\" href=\"https:\/\/vanbeek-recycel.nl\/ro\/tips-voor-het-combineren-van-een-witte-broek-met-een-overshirt\/\" \/>\n<meta property=\"og:locale\" content=\"ro_RO\" \/>\n<meta property=\"og:type\" content=\"article\" \/>\n<meta property=\"og:title\" content=\"Stijlvolle Combinaties: Tips voor het Draag van een Witte Broek met een Overshirt\" \/>\n<meta property=\"og:description\" content=\"Ontdek hoe je een witte broek stijlvol kunt combineren met een overshirt. Tips voor kleur, materiaal en accessoires voor elk seizoen!\" \/>\n<meta property=\"og:url\" content=\"https:\/\/vanbeek-recycel.nl\/ro\/tips-voor-het-combineren-van-een-witte-broek-met-een-overshirt\/\" \/>\n<meta property=\"og:site_name\" content=\"vanbeek-recycel.nl\" \/>\n<meta property=\"article:published_time\" content=\"2025-03-18T00:00:00+00:00\" \/>\n<meta property=\"og:image\" content=\"https:\/\/vanbeek-recycel.nl\/wp-content\/uploads\/image14fd5f85aea74960a4795ba35471029a.png\" \/>\n\t<meta property=\"og:image:width\" content=\"1024\" \/>\n\t<meta property=\"og:image:height\" content=\"768\" \/>\n\t<meta property=\"og:image:type\" content=\"image\/png\" \/>\n<meta name=\"author\" content=\"Axel Leclercq\" \/>\n<meta name=\"twitter:card\" content=\"summary_large_image\" \/>\n<meta name=\"twitter:label1\" content=\"Scris de\" \/>\n\t<meta name=\"twitter:data1\" content=\"Axel Leclercq\" \/>\n\t<meta name=\"twitter:label2\" content=\"Timp estimat pentru citire\" \/>\n\t<meta name=\"twitter:data2\" content=\"5 minute\" \/>\n<script type=\"application\/ld+json\" class=\"yoast-schema-graph\">{\"@context\":\"https:\/\/schema.org\",\"@graph\":[{\"@type\":\"WebPage\",\"@id\":\"https:\/\/vanbeek-recycel.nl\/tips-voor-het-combineren-van-een-witte-broek-met-een-overshirt\/\",\"url\":\"https:\/\/vanbeek-recycel.nl\/tips-voor-het-combineren-van-een-witte-broek-met-een-overshirt\/\",\"name\":\"Stijlvolle Combinaties: Tips voor het Draag van een Witte Broek met een Overshirt\",\"isPartOf\":{\"@id\":\"https:\/\/vanbeek-recycel.nl\/#website\"},\"primaryImageOfPage\":{\"@id\":\"https:\/\/vanbeek-recycel.nl\/tips-voor-het-combineren-van-een-witte-broek-met-een-overshirt\/#primaryimage\"},\"image\":{\"@id\":\"https:\/\/vanbeek-recycel.nl\/tips-voor-het-combineren-van-een-witte-broek-met-een-overshirt\/#primaryimage\"},\"thumbnailUrl\":\"https:\/\/vanbeek-recycel.nl\/wp-content\/uploads\/image14fd5f85aea74960a4795ba35471029a.png\",\"datePublished\":\"2025-03-18T00:00:00+00:00\",\"dateModified\":\"2025-03-18T00:00:00+00:00\",\"author\":{\"@id\":\"https:\/\/vanbeek-recycel.nl\/#\/schema\/person\/f254f6153451f4947b1d0db720fdcfb9\"},\"description\":\"Ontdek hoe je een witte broek stijlvol kunt combineren met een overshirt. Tips voor kleur, materiaal en accessoires voor elk seizoen!\",\"breadcrumb\":{\"@id\":\"https:\/\/vanbeek-recycel.nl\/tips-voor-het-combineren-van-een-witte-broek-met-een-overshirt\/#breadcrumb\"},\"inLanguage\":\"ro-RO\",\"potentialAction\":[{\"@type\":\"ReadAction\",\"target\":[\"https:\/\/vanbeek-recycel.nl\/tips-voor-het-combineren-van-een-witte-broek-met-een-overshirt\/\"]}]},{\"@type\":\"ImageObject\",\"inLanguage\":\"ro-RO\",\"@id\":\"https:\/\/vanbeek-recycel.nl\/tips-voor-het-combineren-van-een-witte-broek-met-een-overshirt\/#primaryimage\",\"url\":\"https:\/\/vanbeek-recycel.nl\/wp-content\/uploads\/image14fd5f85aea74960a4795ba35471029a.png\",\"contentUrl\":\"https:\/\/vanbeek-recycel.nl\/wp-content\/uploads\/image14fd5f85aea74960a4795ba35471029a.png\",\"width\":1024,\"height\":768},{\"@type\":\"BreadcrumbList\",\"@id\":\"https:\/\/vanbeek-recycel.nl\/tips-voor-het-combineren-van-een-witte-broek-met-een-overshirt\/#breadcrumb\",\"itemListElement\":[{\"@type\":\"ListItem\",\"position\":1,\"name\":\"Home\",\"item\":\"https:\/\/vanbeek-recycel.nl\/\"},{\"@type\":\"ListItem\",\"position\":2,\"name\":\"Tips voor het combineren van een witte broek met een overshirt\"}]},{\"@type\":\"WebSite\",\"@id\":\"https:\/\/vanbeek-recycel.nl\/#website\",\"url\":\"https:\/\/vanbeek-recycel.nl\/\",\"name\":\"vanbeek-recycel.nl\",\"description\":\"Tips voor jouw perfecte look en stijl\",\"potentialAction\":[{\"@type\":\"SearchAction\",\"target\":{\"@type\":\"EntryPoint\",\"urlTemplate\":\"https:\/\/vanbeek-recycel.nl\/?s={search_term_string}\"},\"query-input\":\"required name=search_term_string\"}],\"inLanguage\":\"ro-RO\"},{\"@type\":\"Person\",\"@id\":\"https:\/\/vanbeek-recycel.nl\/#\/schema\/person\/f254f6153451f4947b1d0db720fdcfb9\",\"name\":\"Axel Leclercq\",\"image\":{\"@type\":\"ImageObject\",\"inLanguage\":\"ro-RO\",\"@id\":\"https:\/\/vanbeek-recycel.nl\/#\/schema\/person\/image\/\",\"url\":\"https:\/\/vanbeek-recycel.nl\/wp-content\/uploads\/axel-leclercq_avatar-96x96.jpg\",\"contentUrl\":\"https:\/\/vanbeek-recycel.nl\/wp-content\/uploads\/axel-leclercq_avatar-96x96.jpg\",\"caption\":\"Axel Leclercq\"},\"description\":\"Axel Leclercq is een mode-expert met meer dan tien jaar ervaring in de mode-industrie. Na zijn studie modecommunicatie werkte hij als stylist en redacteur voor toonaangevende modetijdschriften. Tegenwoordig deelt hij zijn passie en kennis via blogs, workshops en stijladvies.\",\"url\":\"https:\/\/vanbeek-recycel.nl\/ro\/author\/axel-leclercq\/\"}]}<\/script>\n<!-- \/ Yoast SEO plugin. -->","yoast_head_json":{"title":"Stijlvolle Combinaties: Tips voor het Draag van een Witte Broek met een Overshirt","description":"Ontdek hoe je een witte broek stijlvol kunt combineren met een overshirt. Tips voor kleur, materiaal en accessoires voor elk seizoen!","robots":{"index":"index","follow":"follow","max-snippet":"max-snippet:-1","max-image-preview":"max-image-preview:large","max-video-preview":"max-video-preview:-1"},"canonical":"https:\/\/vanbeek-recycel.nl\/ro\/tips-voor-het-combineren-van-een-witte-broek-met-een-overshirt\/","og_locale":"ro_RO","og_type":"article","og_title":"Stijlvolle Combinaties: Tips voor het Draag van een Witte Broek met een Overshirt","og_description":"Ontdek hoe je een witte broek stijlvol kunt combineren met een overshirt. Tips voor kleur, materiaal en accessoires voor elk seizoen!","og_url":"https:\/\/vanbeek-recycel.nl\/ro\/tips-voor-het-combineren-van-een-witte-broek-met-een-overshirt\/","og_site_name":"vanbeek-recycel.nl","article_published_time":"2025-03-18T00:00:00+00:00","og_image":[{"width":1024,"height":768,"url":"https:\/\/vanbeek-recycel.nl\/wp-content\/uploads\/image14fd5f85aea74960a4795ba35471029a.png","type":"image\/png"}],"author":"Axel Leclercq","twitter_card":"summary_large_image","twitter_misc":{"Scris de":"Axel Leclercq","Timp estimat pentru citire":"5 minute"},"schema":{"@context":"https:\/\/schema.org","@graph":[{"@type":"WebPage","@id":"https:\/\/vanbeek-recycel.nl\/tips-voor-het-combineren-van-een-witte-broek-met-een-overshirt\/","url":"https:\/\/vanbeek-recycel.nl\/tips-voor-het-combineren-van-een-witte-broek-met-een-overshirt\/","name":"Stijlvolle Combinaties: Tips voor het Draag van een Witte Broek met een Overshirt","isPartOf":{"@id":"https:\/\/vanbeek-recycel.nl\/#website"},"primaryImageOfPage":{"@id":"https:\/\/vanbeek-recycel.nl\/tips-voor-het-combineren-van-een-witte-broek-met-een-overshirt\/#primaryimage"},"image":{"@id":"https:\/\/vanbeek-recycel.nl\/tips-voor-het-combineren-van-een-witte-broek-met-een-overshirt\/#primaryimage"},"thumbnailUrl":"https:\/\/vanbeek-recycel.nl\/wp-content\/uploads\/image14fd5f85aea74960a4795ba35471029a.png","datePublished":"2025-03-18T00:00:00+00:00","dateModified":"2025-03-18T00:00:00+00:00","author":{"@id":"https:\/\/vanbeek-recycel.nl\/#\/schema\/person\/f254f6153451f4947b1d0db720fdcfb9"},"description":"Ontdek hoe je een witte broek stijlvol kunt combineren met een overshirt. Tips voor kleur, materiaal en accessoires voor elk seizoen!","breadcrumb":{"@id":"https:\/\/vanbeek-recycel.nl\/tips-voor-het-combineren-van-een-witte-broek-met-een-overshirt\/#breadcrumb"},"inLanguage":"ro-RO","potentialAction":[{"@type":"ReadAction","target":["https:\/\/vanbeek-recycel.nl\/tips-voor-het-combineren-van-een-witte-broek-met-een-overshirt\/"]}]},{"@type":"ImageObject","inLanguage":"ro-RO","@id":"https:\/\/vanbeek-recycel.nl\/tips-voor-het-combineren-van-een-witte-broek-met-een-overshirt\/#primaryimage","url":"https:\/\/vanbeek-recycel.nl\/wp-content\/uploads\/image14fd5f85aea74960a4795ba35471029a.png","contentUrl":"https:\/\/vanbeek-recycel.nl\/wp-content\/uploads\/image14fd5f85aea74960a4795ba35471029a.png","width":1024,"height":768},{"@type":"BreadcrumbList","@id":"https:\/\/vanbeek-recycel.nl\/tips-voor-het-combineren-van-een-witte-broek-met-een-overshirt\/#breadcrumb","itemListElement":[{"@type":"ListItem","position":1,"name":"Home","item":"https:\/\/vanbeek-recycel.nl\/"},{"@type":"ListItem","position":2,"name":"Tips voor het combineren van een witte broek met een overshirt"}]},{"@type":"WebSite","@id":"https:\/\/vanbeek-recycel.nl\/#website","url":"https:\/\/vanbeek-recycel.nl\/","name":"vanbeek-recycel.nl","description":"Tips voor jouw perfecte look en stijl","potentialAction":[{"@type":"SearchAction","target":{"@type":"EntryPoint","urlTemplate":"https:\/\/vanbeek-recycel.nl\/?s={search_term_string}"},"query-input":"required name=search_term_string"}],"inLanguage":"ro-RO"},{"@type":"Person","@id":"https:\/\/vanbeek-recycel.nl\/#\/schema\/person\/f254f6153451f4947b1d0db720fdcfb9","name":"Axel Leclercq","image":{"@type":"ImageObject","inLanguage":"ro-RO","@id":"https:\/\/vanbeek-recycel.nl\/#\/schema\/person\/image\/","url":"https:\/\/vanbeek-recycel.nl\/wp-content\/uploads\/axel-leclercq_avatar-96x96.jpg","contentUrl":"https:\/\/vanbeek-recycel.nl\/wp-content\/uploads\/axel-leclercq_avatar-96x96.jpg","caption":"Axel Leclercq"},"description":"Axel Leclercq is een mode-expert met meer dan tien jaar ervaring in de mode-industrie. Na zijn studie modecommunicatie werkte hij als stylist en redacteur voor toonaangevende modetijdschriften. Tegenwoordig deelt hij zijn passie en kennis via blogs, workshops en stijladvies.","url":"https:\/\/vanbeek-recycel.nl\/ro\/author\/axel-leclercq\/"}]}},"yoast_meta":{"yoast_wpseo_title":"","yoast_wpseo_metadesc":"","yoast_wpseo_canonical":"https:\/\/vanbeek-recycel.nl\/ro\/wp-json\/wp\/v2\/posts\/155"},"_links":{"self":[{"href":"https:\/\/vanbeek-recycel.nl\/ro\/wp-json\/wp\/v2\/posts\/155","targetHints":{"allow":["GET"]}}],"collection":[{"href":"https:\/\/vanbeek-recycel.nl\/ro\/wp-json\/wp\/v2\/posts"}],"about":[{"href":"https:\/\/vanbeek-recycel.nl\/ro\/wp-json\/wp\/v2\/types\/post"}],"author":[{"embeddable":true,"href":"https:\/\/vanbeek-recycel.nl\/ro\/wp-json\/wp\/v2\/users\/1"}],"replies":[{"embeddable":true,"href":"https:\/\/vanbeek-recycel.nl\/ro\/wp-json\/wp\/v2\/comments?post=155"}],"version-history":[{"count":0,"href":"https:\/\/vanbeek-recycel.nl\/ro\/wp-json\/wp\/v2\/posts\/155\/revisions"}],"wp:featuredmedia":[{"embeddable":true,"href":"https:\/\/vanbeek-recycel.nl\/ro\/wp-json\/wp\/v2\/media\/140"}],"wp:attachment":[{"href":"https:\/\/vanbeek-recycel.nl\/ro\/wp-json\/wp\/v2\/media?parent=155"}],"wp:term":[{"taxonomy":"category","embeddable":true,"href":"https:\/\/vanbeek-recycel.nl\/ro\/wp-json\/wp\/v2\/categories?post=155"},{"taxonomy":"post_tag","embeddable":true,"href":"https:\/\/vanbeek-recycel.nl\/ro\/wp-json\/wp\/v2\/tags?post=155"}],"curies":[{"name":"wp","href":"https:\/\/api.w.org\/{rel}","templated":true}]}}