{"id":159,"date":"2025-03-19T00:00:00","date_gmt":"2025-03-19T00:00:00","guid":{"rendered":"https:\/\/vanbeek-recycel.nl\/jurken-voor-zakelijke-evenementen-bij-een-appelfiguur\/"},"modified":"2025-03-19T00:00:00","modified_gmt":"2025-03-19T00:00:00","slug":"jurken-voor-zakelijke-evenementen-bij-een-appelfiguur","status":"publish","type":"post","link":"https:\/\/vanbeek-recycel.nl\/ro\/jurken-voor-zakelijke-evenementen-bij-een-appelfiguur\/","title":{"rendered":"Rochii pentru evenimente de afaceri cu o siluet\u0103 de m\u0103r"},"content":{"rendered":"<div class=\"kk-star-ratings kksr-auto kksr-align-left kksr-valign-top\"\n    data-payload='{&quot;align&quot;:&quot;left&quot;,&quot;id&quot;:&quot;159&quot;,&quot;slug&quot;:&quot;default&quot;,&quot;valign&quot;:&quot;top&quot;,&quot;ignore&quot;:&quot;&quot;,&quot;reference&quot;:&quot;auto&quot;,&quot;class&quot;:&quot;&quot;,&quot;count&quot;:&quot;0&quot;,&quot;legendonly&quot;:&quot;&quot;,&quot;readonly&quot;:&quot;&quot;,&quot;score&quot;:&quot;0&quot;,&quot;starsonly&quot;:&quot;&quot;,&quot;best&quot;:&quot;5&quot;,&quot;gap&quot;:&quot;5&quot;,&quot;greet&quot;:&quot;Rate this post&quot;,&quot;legend&quot;:&quot;0\\\/5 - (0 votes)&quot;,&quot;size&quot;:&quot;24&quot;,&quot;title&quot;:&quot;Jurken voor zakelijke evenementen bij een appelfiguur&quot;,&quot;width&quot;:&quot;0&quot;,&quot;_legend&quot;:&quot;{score}\\\/{best} - ({count} {votes})&quot;,&quot;font_factor&quot;:&quot;1.25&quot;}'>\n            \n<div class=\"kksr-stars\">\n    \n<div class=\"kksr-stars-inactive\">\n            <div class=\"kksr-star\" data-star=\"1\" style=\"padding-right: 5px\">\n            \n\n<div class=\"kksr-icon\" style=\"width: 24px; height: 24px;\"><\/div>\n        <\/div>\n            <div class=\"kksr-star\" data-star=\"2\" style=\"padding-right: 5px\">\n            \n\n<div class=\"kksr-icon\" style=\"width: 24px; height: 24px;\"><\/div>\n        <\/div>\n            <div class=\"kksr-star\" data-star=\"3\" style=\"padding-right: 5px\">\n            \n\n<div class=\"kksr-icon\" style=\"width: 24px; height: 24px;\"><\/div>\n        <\/div>\n            <div class=\"kksr-star\" data-star=\"4\" style=\"padding-right: 5px\">\n            \n\n<div class=\"kksr-icon\" style=\"width: 24px; height: 24px;\"><\/div>\n        <\/div>\n            <div class=\"kksr-star\" data-star=\"5\" style=\"padding-right: 5px\">\n            \n\n<div class=\"kksr-icon\" style=\"width: 24px; height: 24px;\"><\/div>\n        <\/div>\n    <\/div>\n    \n<div class=\"kksr-stars-active\" style=\"width: 0px;\">\n            <div class=\"kksr-star\" style=\"padding-right: 5px\">\n            \n\n<div class=\"kksr-icon\" style=\"width: 24px; height: 24px;\"><\/div>\n        <\/div>\n            <div class=\"kksr-star\" style=\"padding-right: 5px\">\n            \n\n<div class=\"kksr-icon\" style=\"width: 24px; height: 24px;\"><\/div>\n        <\/div>\n            <div class=\"kksr-star\" style=\"padding-right: 5px\">\n            \n\n<div class=\"kksr-icon\" style=\"width: 24px; height: 24px;\"><\/div>\n        <\/div>\n            <div class=\"kksr-star\" style=\"padding-right: 5px\">\n            \n\n<div class=\"kksr-icon\" style=\"width: 24px; height: 24px;\"><\/div>\n        <\/div>\n            <div class=\"kksr-star\" style=\"padding-right: 5px\">\n            \n\n<div class=\"kksr-icon\" style=\"width: 24px; height: 24px;\"><\/div>\n        <\/div>\n    <\/div>\n<\/div>\n                \n\n<div class=\"kksr-legend\" style=\"font-size: 19.2px;\">\n            <span class=\"kksr-muted\">Evalueaz\u0103 aceast\u0103 postare<\/span>\n    <\/div>\n    <\/div>\n<p>O \u00eent\u00e2lnire de afaceri poate fi o oportunitate de a-\u021bi \u00eembun\u0103t\u0103\u021bi imaginea profesional\u0103, etal\u00e2ndu-\u021bi \u00een acela\u0219i timp stilul personal. Pentru femeile cu o siluet\u0103 de m\u0103r, stilurile \u0219i alegerile vestimentare potrivite sunt esen\u021biale. Aceste rochii nu numai c\u0103 \u00ee\u021bi pot scoate \u00een eviden\u021b\u0103 calit\u0103\u021bile, ci \u00ee\u021bi pot spori \u0219i \u00eencrederea \u00een sine \u0219i pot atrage aten\u021bia asupra locurilor potrivite. Este important s\u0103 \u0219tii c\u0103 nu doar c\u0103 po\u021bi ar\u0103ta bine, ci \u0219i s\u0103 te sim\u021bi confortabil \u00een \u021binuta ta. Aici discut\u0103m despre cele mai bune stiluri, culori \u0219i accesorii care s\u0103 te ajute s\u0103 ar\u0103\u021bi c\u00e2t mai bine. Descoper\u0103 cum s\u0103 creezi o \u021binut\u0103 perfect\u0103 pentru orice eveniment business.<\/p>\n<h2>Ce este o figurin\u0103 de m\u0103r?<\/h2>\n<p><img decoding=\"async\" alt=\"Een groep van negen vrouwen in elegante jurken poseert gezellig in een sfeervol restaurant.\" src=\"https:\/\/vanbeek-recycel.nl\/wp-content\/uploads\/image40bbb6a4cfe1489da8daa0261dc9621a.png\"\/><\/p>\n<p>O siluet\u0103 de m\u0103r este adesea caracterizat\u0103 de o figur\u0103 mai plin\u0103 \u00een jurul taliei, care poate p\u0103rea plin\u0103 \u0219i rotund\u0103. Acest tip de corp are de obicei picioare mai sub\u021biri \u0219i o parte superioar\u0103 a corpului mai plin\u0103. Este important s\u0103 folose\u0219ti aceste caracteristici \u00een avantajul t\u0103u, f\u0103c\u00e2nd alegerile vestimentare potrivite. Acordarea aten\u021biei la croiala hainelor tale te poate ajuta s\u0103 creezi un look echilibrat. Rochia potrivit\u0103 poate atrage aten\u021bia asupra celor mai bune tr\u0103s\u0103turi ale tale \u0219i poate ascunde subtil zonele mai pu\u021bin dorite. Accentul aici se pune par\u021bial pe accentuarea picioarelor \u0219i a fe\u021bei, ceea ce contribuie la o aparen\u021b\u0103 \u00eencrez\u0103toare.<\/p>\n<h2>Stiluri care se potrivesc perfect unei siluete de m\u0103r<\/h2>\n<p><img decoding=\"async\" alt=\"Een close-up van een elegante schoen, een handtas en een armband op een stijlvolle ondergrond.\" src=\"https:\/\/vanbeek-recycel.nl\/wp-content\/uploads\/image08060912fed34227af487b3307e175f5.png\"\/><\/p>\n<p>Alegerea stilului potrivit este crucial\u0103 dac\u0103 ai o siluet\u0103 de m\u0103r. Este recomandabil s\u0103 alegi rochii care ofer\u0103 o croial\u0103 flatant\u0103 \u0219i \u00ee\u021bi echilibreaz\u0103 frumos silueta. Mai jos sunt c\u00e2teva stiluri care func\u021bioneaz\u0103 deosebit de bine:<\/p>\n<ul>\n<li><strong>Rochii \u00een linie Empire:<\/strong> Aceste rochii se muleaz\u0103 perfect pe bust \u0219i se lanseaz\u0103 \u00een talie. Sunt ideale pentru a ascunde un abdomen mai plin.<\/li>\n<li><strong>Rochii cu linie A:<\/strong> Aceste rochii sunt mulate la umeri \u0219i se evazeaz\u0103 \u00een talie, atr\u0103g\u00e2nd aten\u021bia asupra picioarelor.<\/li>\n<li><strong>Rochii cu peplum:<\/strong> Rochiile cu peplum ofer\u0103 un aspect juc\u0103u\u0219 \u0219i profesional. Tivul peplum accentueaz\u0103 talia \u0219i creeaz\u0103 un efect de sub\u021biere.<\/li>\n<\/ul>\n<p>Cu aceste stiluri nu numai c\u0103 te vei sim\u021bi bine, dar vei fi \u0219i elegant \u00eembr\u0103cat\u0103 pentru orice eveniment business. Totul se rezum\u0103 la a v\u0103 pune reciproc \u00een valoare \u0219i a crea un look care s\u0103 atrag\u0103 aten\u021bia asupra punctelor voastre forte. Aceste stiluri nu ofer\u0103 doar confort \u0219i elegan\u021b\u0103, ci \u0219i oportunitatea de a-\u021bi scoate \u00een eviden\u021b\u0103 personalitatea.<\/p>\n<table border=\"1\">\n<tr>\n<th>Stil<\/th>\n<th>Avantaje<\/th>\n<\/tr>\n<tr>\n<td>Linia Imperiului<\/td>\n<td>Ascunde talia, accentueaz\u0103 partea superioar\u0103 a corpului<\/td>\n<\/tr>\n<tr>\n<td>Linie A<\/td>\n<td>Flatant pentru picioare, creeaz\u0103 un aspect echilibrat<\/td>\n<\/tr>\n<tr>\n<td>Peplum<\/td>\n<td>Accentueaz\u0103 talia, ofer\u0103 un aspect juc\u0103u\u0219<\/td>\n<\/tr>\n<\/table>\n<h2>Culori \u0219i modele potrivite pentru evenimentele corporate<\/h2>\n<p>Atunci c\u00e2nd alegi o rochie, alegerea culorii este crucial\u0103. Culoarea poate face diferen\u021ba \u00een felul \u00een care ar\u0103\u021bi \u0219i te sim\u021bi.<\/p>\n<ul>\n<li><strong>Culori neutre:<\/strong> Culori precum negrul, bleumarinul \u0219i griul sunt atemporale \u0219i pot fi u\u0219or combinate cu accesorii.<\/li>\n<li><strong>Tonuri de p\u0103m\u00e2nt:<\/strong> Verdele m\u0103sliniu, teracota \u0219i maro ofer\u0103 un aspect elegant \u0219i profesional.<\/li>\n<li><strong>Imprim\u0103ri:<\/strong> Modelele mici pot func\u021biona, dar imprimeurile mari pot fi uneori prea cople\u0219itoare. Alege \u00eentotdeauna echilibrul.<\/li>\n<\/ul>\n<p>Prin selectarea cu aten\u021bie a culorilor \u0219i modelelor, te po\u021bi asigura c\u0103 \u021binuta ta este at\u00e2t profesional\u0103, c\u00e2t \u0219i elegant\u0103. Indiferent de culorile pe care le alegi, asigur\u0103-te c\u0103 se potrivesc cu nuan\u021ba pielii tale \u0219i c\u0103 te sim\u021bi confortabil \u00een ele. Acest lucru va fi benefic pentru \u00eencrederea \u00een sine \u0219i pentru aspectul t\u0103u fizic.<\/p>\n<h2>Accesorii pentru a completa \u021binuta ta<\/h2>\n<p>Accesoriile potrivite pot transforma o rochie simpl\u0103 \u00eentr-o \u021binut\u0103 elegant\u0103. Accesoriile contribuie la aspectul general \u0219i pot servi drept piese de design. Lua\u021bi \u00een considerare urm\u0103toarele op\u021biuni:<\/p>\n<ul>\n<li><strong>Pantofi:<\/strong> Se recomand\u0103 tocuri sau balerini elegan\u021bi. Ar trebui s\u0103 fie confortabile \u0219i s\u0103 lungeasc\u0103 picioarele.<\/li>\n<li><strong>Gen\u021bi:<\/strong> O geant\u0103 sau un clutch \u00eengrijit adaug\u0103 mai mult\u0103 clas\u0103. Alege o geant\u0103 care nu este prea mare, astfel \u00eenc\u00e2t accentul s\u0103 fie pus pe rochie.<\/li>\n<li><strong>Bijuterii:<\/strong> Opteaz\u0103 pentru bijuterii subtile care \u00ee\u021bi completeaz\u0103 aspectul f\u0103r\u0103 a fi prea cople\u0219itoare, cum ar fi un colier frumos sau cercei elegan\u021bi.<\/li>\n<\/ul>\n<p>Cu aceste accesorii nu doar \u00ee\u021bi completezi \u021binuta, ci adaugi \u0219i o not\u0103 personal\u0103. Nu uita c\u0103 uneori mai pu\u021bin \u00eenseamn\u0103 mai mult, mai ales la evenimentele corporate unde vrei s\u0103 ar\u0103\u021bi profesional.<\/p>\n<h2>Concluzie<\/h2>\n<p>Alegerea unei rochii pentru evenimente business cu o siluet\u0103 de m\u0103r nu trebuie s\u0103 fie o provocare. Stilurile, culorile \u0219i accesoriile potrivite te pot ajuta s\u0103 creezi o \u021binut\u0103 nu doar la mod\u0103, ci \u0219i confortabil\u0103. Totul se rezum\u0103 la g\u0103sirea unui echilibru care s\u0103 \u00ee\u021bi accentueze punctele forte \u0219i s\u0103 creeze o aparen\u021b\u0103 \u00eencrez\u0103toare. R\u0103m\u00e2i fidel\u0103 stilului t\u0103u personal \u0219i nu uita c\u0103 ar trebui s\u0103 te sim\u021bi bine \u00een ceea ce por\u021bi. Av\u00e2nd \u00een vedere aceste sfaturi, vei fi bine preg\u0103tit s\u0103 str\u0103luce\u0219ti la orice eveniment de afaceri.<\/p>\n<h2>\u00centreb\u0103ri frecvente<\/h2>\n<ul>\n<li><strong>Care sunt cele mai bune materiale pentru rochii cu o siluet\u0103 de m\u0103r?<\/strong><br \/>Materiale precum \u0219ifonul, jerseul \u0219i bumbacul sunt ideale. Acestea ofer\u0103 at\u00e2t confort, c\u00e2t \u0219i o potrivire bun\u0103.<\/li>\n<li><strong>Ar trebui s\u0103 evit rochiile str\u00e2mte?<\/strong><br \/>Nu neap\u0103rat, dar asigur\u0103-te c\u0103 rochia \u021bi se potrive\u0219te bine, f\u0103r\u0103 a fi prea str\u00e2mt\u0103, mai ales \u00een jurul taliei.<\/li>\n<li><strong>Care lungimi sunt cele mai flatante?<\/strong><br \/>Rochiile p\u00e2n\u0103 la genunchi \u0219i midi sunt adesea cele mai flatante op\u021biuni pentru o siluet\u0103 de m\u0103r.<\/li>\n<li><strong>Po\u021bi lucra \u0219i cu modele?<\/strong><br \/>Da, modelele mici sunt \u00een regul\u0103, dar imprimeurile mari pot fi uneori cople\u0219itoare. Alege\u021bi un echilibru.<\/li>\n<li><strong>Ce se \u00eent\u00e2mpl\u0103 dac\u0103 nu am un buget mare?<\/strong><br \/>Verifica\u021bi buticurile locale sau magazinele online pentru op\u021biuni accesibile, la mod\u0103 \u0219i profesionale.<\/li>\n<\/ul>","protected":false},"excerpt":{"rendered":"<p>O \u00eent\u00e2lnire de afaceri poate fi o oportunitate de a-\u021bi \u00eembun\u0103t\u0103\u021bi imaginea profesional\u0103, etal\u00e2ndu-\u021bi \u00een acela\u0219i timp stilul personal. Pentru femeile cu o siluet\u0103 de m\u0103r<\/p>","protected":false},"author":1,"featured_media":136,"comment_status":"closed","ping_status":"closed","sticky":false,"template":"","format":"standard","meta":{"_acf_changed":false,"footnotes":""},"categories":[1],"tags":[],"class_list":["post-159","post","type-post","status-publish","format-standard","has-post-thumbnail","hentry","category-bloggen"],"acf":[],"yoast_head":"<!-- This site is optimized with the Yoast SEO plugin v23.2 - https:\/\/yoast.com\/wordpress\/plugins\/seo\/ -->\n<title>Jurken voor Zakelijke Evenementen: Stijlen en Tips voor een Appelfiguur<\/title>\n<meta name=\"description\" content=\"Ontdek de beste jurk stijlen en accessoristips voor zakelijke evenementen bij een appelfiguur. Maak een zelfverzekerde indruk!\" \/>\n<meta name=\"robots\" content=\"index, follow, max-snippet:-1, max-image-preview:large, max-video-preview:-1\" \/>\n<link rel=\"canonical\" href=\"https:\/\/vanbeek-recycel.nl\/ro\/jurken-voor-zakelijke-evenementen-bij-een-appelfiguur\/\" \/>\n<meta property=\"og:locale\" content=\"ro_RO\" \/>\n<meta property=\"og:type\" content=\"article\" \/>\n<meta property=\"og:title\" content=\"Jurken voor Zakelijke Evenementen: Stijlen en Tips voor een Appelfiguur\" \/>\n<meta property=\"og:description\" content=\"Ontdek de beste jurk stijlen en accessoristips voor zakelijke evenementen bij een appelfiguur. Maak een zelfverzekerde indruk!\" \/>\n<meta property=\"og:url\" content=\"https:\/\/vanbeek-recycel.nl\/ro\/jurken-voor-zakelijke-evenementen-bij-een-appelfiguur\/\" \/>\n<meta property=\"og:site_name\" content=\"vanbeek-recycel.nl\" \/>\n<meta property=\"article:published_time\" content=\"2025-03-19T00:00:00+00:00\" \/>\n<meta property=\"og:image\" content=\"https:\/\/vanbeek-recycel.nl\/wp-content\/uploads\/imagea35fff3af9cf45d3aa9689a1da76f35a.png\" \/>\n\t<meta property=\"og:image:width\" content=\"1024\" \/>\n\t<meta property=\"og:image:height\" content=\"768\" \/>\n\t<meta property=\"og:image:type\" content=\"image\/png\" \/>\n<meta name=\"author\" content=\"Axel Leclercq\" \/>\n<meta name=\"twitter:card\" content=\"summary_large_image\" \/>\n<meta name=\"twitter:label1\" content=\"Scris de\" \/>\n\t<meta name=\"twitter:data1\" content=\"Axel Leclercq\" \/>\n\t<meta name=\"twitter:label2\" content=\"Timp estimat pentru citire\" \/>\n\t<meta name=\"twitter:data2\" content=\"4 minute\" \/>\n<script type=\"application\/ld+json\" class=\"yoast-schema-graph\">{\"@context\":\"https:\/\/schema.org\",\"@graph\":[{\"@type\":\"WebPage\",\"@id\":\"https:\/\/vanbeek-recycel.nl\/jurken-voor-zakelijke-evenementen-bij-een-appelfiguur\/\",\"url\":\"https:\/\/vanbeek-recycel.nl\/jurken-voor-zakelijke-evenementen-bij-een-appelfiguur\/\",\"name\":\"Jurken voor Zakelijke Evenementen: Stijlen en Tips voor een Appelfiguur\",\"isPartOf\":{\"@id\":\"https:\/\/vanbeek-recycel.nl\/#website\"},\"primaryImageOfPage\":{\"@id\":\"https:\/\/vanbeek-recycel.nl\/jurken-voor-zakelijke-evenementen-bij-een-appelfiguur\/#primaryimage\"},\"image\":{\"@id\":\"https:\/\/vanbeek-recycel.nl\/jurken-voor-zakelijke-evenementen-bij-een-appelfiguur\/#primaryimage\"},\"thumbnailUrl\":\"https:\/\/vanbeek-recycel.nl\/wp-content\/uploads\/imagea35fff3af9cf45d3aa9689a1da76f35a.png\",\"datePublished\":\"2025-03-19T00:00:00+00:00\",\"dateModified\":\"2025-03-19T00:00:00+00:00\",\"author\":{\"@id\":\"https:\/\/vanbeek-recycel.nl\/#\/schema\/person\/f254f6153451f4947b1d0db720fdcfb9\"},\"description\":\"Ontdek de beste jurk stijlen en accessoristips voor zakelijke evenementen bij een appelfiguur. Maak een zelfverzekerde indruk!\",\"breadcrumb\":{\"@id\":\"https:\/\/vanbeek-recycel.nl\/jurken-voor-zakelijke-evenementen-bij-een-appelfiguur\/#breadcrumb\"},\"inLanguage\":\"ro-RO\",\"potentialAction\":[{\"@type\":\"ReadAction\",\"target\":[\"https:\/\/vanbeek-recycel.nl\/jurken-voor-zakelijke-evenementen-bij-een-appelfiguur\/\"]}]},{\"@type\":\"ImageObject\",\"inLanguage\":\"ro-RO\",\"@id\":\"https:\/\/vanbeek-recycel.nl\/jurken-voor-zakelijke-evenementen-bij-een-appelfiguur\/#primaryimage\",\"url\":\"https:\/\/vanbeek-recycel.nl\/wp-content\/uploads\/imagea35fff3af9cf45d3aa9689a1da76f35a.png\",\"contentUrl\":\"https:\/\/vanbeek-recycel.nl\/wp-content\/uploads\/imagea35fff3af9cf45d3aa9689a1da76f35a.png\",\"width\":1024,\"height\":768},{\"@type\":\"BreadcrumbList\",\"@id\":\"https:\/\/vanbeek-recycel.nl\/jurken-voor-zakelijke-evenementen-bij-een-appelfiguur\/#breadcrumb\",\"itemListElement\":[{\"@type\":\"ListItem\",\"position\":1,\"name\":\"Home\",\"item\":\"https:\/\/vanbeek-recycel.nl\/\"},{\"@type\":\"ListItem\",\"position\":2,\"name\":\"Jurken voor zakelijke evenementen bij een appelfiguur\"}]},{\"@type\":\"WebSite\",\"@id\":\"https:\/\/vanbeek-recycel.nl\/#website\",\"url\":\"https:\/\/vanbeek-recycel.nl\/\",\"name\":\"vanbeek-recycel.nl\",\"description\":\"Tips voor jouw perfecte look en stijl\",\"potentialAction\":[{\"@type\":\"SearchAction\",\"target\":{\"@type\":\"EntryPoint\",\"urlTemplate\":\"https:\/\/vanbeek-recycel.nl\/?s={search_term_string}\"},\"query-input\":\"required name=search_term_string\"}],\"inLanguage\":\"ro-RO\"},{\"@type\":\"Person\",\"@id\":\"https:\/\/vanbeek-recycel.nl\/#\/schema\/person\/f254f6153451f4947b1d0db720fdcfb9\",\"name\":\"Axel Leclercq\",\"image\":{\"@type\":\"ImageObject\",\"inLanguage\":\"ro-RO\",\"@id\":\"https:\/\/vanbeek-recycel.nl\/#\/schema\/person\/image\/\",\"url\":\"https:\/\/vanbeek-recycel.nl\/wp-content\/uploads\/axel-leclercq_avatar-96x96.jpg\",\"contentUrl\":\"https:\/\/vanbeek-recycel.nl\/wp-content\/uploads\/axel-leclercq_avatar-96x96.jpg\",\"caption\":\"Axel Leclercq\"},\"description\":\"Axel Leclercq is een mode-expert met meer dan tien jaar ervaring in de mode-industrie. Na zijn studie modecommunicatie werkte hij als stylist en redacteur voor toonaangevende modetijdschriften. Tegenwoordig deelt hij zijn passie en kennis via blogs, workshops en stijladvies.\",\"url\":\"https:\/\/vanbeek-recycel.nl\/ro\/author\/axel-leclercq\/\"}]}<\/script>\n<!-- \/ Yoast SEO plugin. -->","yoast_head_json":{"title":"Jurken voor Zakelijke Evenementen: Stijlen en Tips voor een Appelfiguur","description":"Ontdek de beste jurk stijlen en accessoristips voor zakelijke evenementen bij een appelfiguur. Maak een zelfverzekerde indruk!","robots":{"index":"index","follow":"follow","max-snippet":"max-snippet:-1","max-image-preview":"max-image-preview:large","max-video-preview":"max-video-preview:-1"},"canonical":"https:\/\/vanbeek-recycel.nl\/ro\/jurken-voor-zakelijke-evenementen-bij-een-appelfiguur\/","og_locale":"ro_RO","og_type":"article","og_title":"Jurken voor Zakelijke Evenementen: Stijlen en Tips voor een Appelfiguur","og_description":"Ontdek de beste jurk stijlen en accessoristips voor zakelijke evenementen bij een appelfiguur. Maak een zelfverzekerde indruk!","og_url":"https:\/\/vanbeek-recycel.nl\/ro\/jurken-voor-zakelijke-evenementen-bij-een-appelfiguur\/","og_site_name":"vanbeek-recycel.nl","article_published_time":"2025-03-19T00:00:00+00:00","og_image":[{"width":1024,"height":768,"url":"https:\/\/vanbeek-recycel.nl\/wp-content\/uploads\/imagea35fff3af9cf45d3aa9689a1da76f35a.png","type":"image\/png"}],"author":"Axel Leclercq","twitter_card":"summary_large_image","twitter_misc":{"Scris de":"Axel Leclercq","Timp estimat pentru citire":"4 minute"},"schema":{"@context":"https:\/\/schema.org","@graph":[{"@type":"WebPage","@id":"https:\/\/vanbeek-recycel.nl\/jurken-voor-zakelijke-evenementen-bij-een-appelfiguur\/","url":"https:\/\/vanbeek-recycel.nl\/jurken-voor-zakelijke-evenementen-bij-een-appelfiguur\/","name":"Jurken voor Zakelijke Evenementen: Stijlen en Tips voor een Appelfiguur","isPartOf":{"@id":"https:\/\/vanbeek-recycel.nl\/#website"},"primaryImageOfPage":{"@id":"https:\/\/vanbeek-recycel.nl\/jurken-voor-zakelijke-evenementen-bij-een-appelfiguur\/#primaryimage"},"image":{"@id":"https:\/\/vanbeek-recycel.nl\/jurken-voor-zakelijke-evenementen-bij-een-appelfiguur\/#primaryimage"},"thumbnailUrl":"https:\/\/vanbeek-recycel.nl\/wp-content\/uploads\/imagea35fff3af9cf45d3aa9689a1da76f35a.png","datePublished":"2025-03-19T00:00:00+00:00","dateModified":"2025-03-19T00:00:00+00:00","author":{"@id":"https:\/\/vanbeek-recycel.nl\/#\/schema\/person\/f254f6153451f4947b1d0db720fdcfb9"},"description":"Ontdek de beste jurk stijlen en accessoristips voor zakelijke evenementen bij een appelfiguur. Maak een zelfverzekerde indruk!","breadcrumb":{"@id":"https:\/\/vanbeek-recycel.nl\/jurken-voor-zakelijke-evenementen-bij-een-appelfiguur\/#breadcrumb"},"inLanguage":"ro-RO","potentialAction":[{"@type":"ReadAction","target":["https:\/\/vanbeek-recycel.nl\/jurken-voor-zakelijke-evenementen-bij-een-appelfiguur\/"]}]},{"@type":"ImageObject","inLanguage":"ro-RO","@id":"https:\/\/vanbeek-recycel.nl\/jurken-voor-zakelijke-evenementen-bij-een-appelfiguur\/#primaryimage","url":"https:\/\/vanbeek-recycel.nl\/wp-content\/uploads\/imagea35fff3af9cf45d3aa9689a1da76f35a.png","contentUrl":"https:\/\/vanbeek-recycel.nl\/wp-content\/uploads\/imagea35fff3af9cf45d3aa9689a1da76f35a.png","width":1024,"height":768},{"@type":"BreadcrumbList","@id":"https:\/\/vanbeek-recycel.nl\/jurken-voor-zakelijke-evenementen-bij-een-appelfiguur\/#breadcrumb","itemListElement":[{"@type":"ListItem","position":1,"name":"Home","item":"https:\/\/vanbeek-recycel.nl\/"},{"@type":"ListItem","position":2,"name":"Jurken voor zakelijke evenementen bij een appelfiguur"}]},{"@type":"WebSite","@id":"https:\/\/vanbeek-recycel.nl\/#website","url":"https:\/\/vanbeek-recycel.nl\/","name":"vanbeek-recycel.nl","description":"Tips voor jouw perfecte look en stijl","potentialAction":[{"@type":"SearchAction","target":{"@type":"EntryPoint","urlTemplate":"https:\/\/vanbeek-recycel.nl\/?s={search_term_string}"},"query-input":"required name=search_term_string"}],"inLanguage":"ro-RO"},{"@type":"Person","@id":"https:\/\/vanbeek-recycel.nl\/#\/schema\/person\/f254f6153451f4947b1d0db720fdcfb9","name":"Axel Leclercq","image":{"@type":"ImageObject","inLanguage":"ro-RO","@id":"https:\/\/vanbeek-recycel.nl\/#\/schema\/person\/image\/","url":"https:\/\/vanbeek-recycel.nl\/wp-content\/uploads\/axel-leclercq_avatar-96x96.jpg","contentUrl":"https:\/\/vanbeek-recycel.nl\/wp-content\/uploads\/axel-leclercq_avatar-96x96.jpg","caption":"Axel Leclercq"},"description":"Axel Leclercq is een mode-expert met meer dan tien jaar ervaring in de mode-industrie. Na zijn studie modecommunicatie werkte hij als stylist en redacteur voor toonaangevende modetijdschriften. Tegenwoordig deelt hij zijn passie en kennis via blogs, workshops en stijladvies.","url":"https:\/\/vanbeek-recycel.nl\/ro\/author\/axel-leclercq\/"}]}},"yoast_meta":{"yoast_wpseo_title":"","yoast_wpseo_metadesc":"","yoast_wpseo_canonical":"https:\/\/vanbeek-recycel.nl\/ro\/wp-json\/wp\/v2\/posts\/159"},"_links":{"self":[{"href":"https:\/\/vanbeek-recycel.nl\/ro\/wp-json\/wp\/v2\/posts\/159","targetHints":{"allow":["GET"]}}],"collection":[{"href":"https:\/\/vanbeek-recycel.nl\/ro\/wp-json\/wp\/v2\/posts"}],"about":[{"href":"https:\/\/vanbeek-recycel.nl\/ro\/wp-json\/wp\/v2\/types\/post"}],"author":[{"embeddable":true,"href":"https:\/\/vanbeek-recycel.nl\/ro\/wp-json\/wp\/v2\/users\/1"}],"replies":[{"embeddable":true,"href":"https:\/\/vanbeek-recycel.nl\/ro\/wp-json\/wp\/v2\/comments?post=159"}],"version-history":[{"count":0,"href":"https:\/\/vanbeek-recycel.nl\/ro\/wp-json\/wp\/v2\/posts\/159\/revisions"}],"wp:featuredmedia":[{"embeddable":true,"href":"https:\/\/vanbeek-recycel.nl\/ro\/wp-json\/wp\/v2\/media\/136"}],"wp:attachment":[{"href":"https:\/\/vanbeek-recycel.nl\/ro\/wp-json\/wp\/v2\/media?parent=159"}],"wp:term":[{"taxonomy":"category","embeddable":true,"href":"https:\/\/vanbeek-recycel.nl\/ro\/wp-json\/wp\/v2\/categories?post=159"},{"taxonomy":"post_tag","embeddable":true,"href":"https:\/\/vanbeek-recycel.nl\/ro\/wp-json\/wp\/v2\/tags?post=159"}],"curies":[{"name":"wp","href":"https:\/\/api.w.org\/{rel}","templated":true}]}}