{"id":315,"date":"2025-06-26T00:00:00","date_gmt":"2025-06-25T23:00:00","guid":{"rendered":"https:\/\/vanbeek-recycel.nl\/?p=315"},"modified":"2025-06-26T00:00:00","modified_gmt":"2025-06-25T23:00:00","slug":"de-leukste-zomerjassen-trends-voor-heren","status":"publish","type":"post","link":"https:\/\/vanbeek-recycel.nl\/ro\/de-leukste-zomerjassen-trends-voor-heren\/","title":{"rendered":"Cele mai bune tendin\u021be \u00een jachete de var\u0103 pentru b\u0103rba\u021bi"},"content":{"rendered":"<div class=\"kk-star-ratings kksr-auto kksr-align-left kksr-valign-top\"\n    data-payload='{&quot;align&quot;:&quot;left&quot;,&quot;id&quot;:&quot;315&quot;,&quot;slug&quot;:&quot;default&quot;,&quot;valign&quot;:&quot;top&quot;,&quot;ignore&quot;:&quot;&quot;,&quot;reference&quot;:&quot;auto&quot;,&quot;class&quot;:&quot;&quot;,&quot;count&quot;:&quot;0&quot;,&quot;legendonly&quot;:&quot;&quot;,&quot;readonly&quot;:&quot;&quot;,&quot;score&quot;:&quot;0&quot;,&quot;starsonly&quot;:&quot;&quot;,&quot;best&quot;:&quot;5&quot;,&quot;gap&quot;:&quot;5&quot;,&quot;greet&quot;:&quot;Rate this post&quot;,&quot;legend&quot;:&quot;0\\\/5 - (0 votes)&quot;,&quot;size&quot;:&quot;24&quot;,&quot;title&quot;:&quot;De leukste zomerjassen trends voor heren&quot;,&quot;width&quot;:&quot;0&quot;,&quot;_legend&quot;:&quot;{score}\\\/{best} - ({count} {votes})&quot;,&quot;font_factor&quot;:&quot;1.25&quot;}'>\n            \n<div class=\"kksr-stars\">\n    \n<div class=\"kksr-stars-inactive\">\n            <div class=\"kksr-star\" data-star=\"1\" style=\"padding-right: 5px\">\n            \n\n<div class=\"kksr-icon\" style=\"width: 24px; height: 24px;\"><\/div>\n        <\/div>\n            <div class=\"kksr-star\" data-star=\"2\" style=\"padding-right: 5px\">\n            \n\n<div class=\"kksr-icon\" style=\"width: 24px; height: 24px;\"><\/div>\n        <\/div>\n            <div class=\"kksr-star\" data-star=\"3\" style=\"padding-right: 5px\">\n            \n\n<div class=\"kksr-icon\" style=\"width: 24px; height: 24px;\"><\/div>\n        <\/div>\n            <div class=\"kksr-star\" data-star=\"4\" style=\"padding-right: 5px\">\n            \n\n<div class=\"kksr-icon\" style=\"width: 24px; height: 24px;\"><\/div>\n        <\/div>\n            <div class=\"kksr-star\" data-star=\"5\" style=\"padding-right: 5px\">\n            \n\n<div class=\"kksr-icon\" style=\"width: 24px; height: 24px;\"><\/div>\n        <\/div>\n    <\/div>\n    \n<div class=\"kksr-stars-active\" style=\"width: 0px;\">\n            <div class=\"kksr-star\" style=\"padding-right: 5px\">\n            \n\n<div class=\"kksr-icon\" style=\"width: 24px; height: 24px;\"><\/div>\n        <\/div>\n            <div class=\"kksr-star\" style=\"padding-right: 5px\">\n            \n\n<div class=\"kksr-icon\" style=\"width: 24px; height: 24px;\"><\/div>\n        <\/div>\n            <div class=\"kksr-star\" style=\"padding-right: 5px\">\n            \n\n<div class=\"kksr-icon\" style=\"width: 24px; height: 24px;\"><\/div>\n        <\/div>\n            <div class=\"kksr-star\" style=\"padding-right: 5px\">\n            \n\n<div class=\"kksr-icon\" style=\"width: 24px; height: 24px;\"><\/div>\n        <\/div>\n            <div class=\"kksr-star\" style=\"padding-right: 5px\">\n            \n\n<div class=\"kksr-icon\" style=\"width: 24px; height: 24px;\"><\/div>\n        <\/div>\n    <\/div>\n<\/div>\n                \n\n<div class=\"kksr-legend\" style=\"font-size: 19.2px;\">\n            <span class=\"kksr-muted\">Evalueaz\u0103 aceast\u0103 postare<\/span>\n    <\/div>\n    <\/div>\n<p>Jachetele de var\u0103 sunt mult mai mult dec\u00e2t o simpl\u0103 pies\u0103 vestimentar\u0103 func\u021bional\u0103; ele sunt o expresie a stilului personal \u0219i servesc drept element important \u00een moda masculin\u0103. \u00cen aceast\u0103 perioad\u0103 a anului, c\u00e2nd zilele devin mai calde \u0219i nop\u021bile mai r\u0103coroase, este crucial s\u0103 alege\u021bi o jachet\u0103 care s\u0103 fie nu doar elegant\u0103, ci \u0219i practic\u0103. Acest articol exploreaz\u0103 cele mai interesante tendin\u021be ale acestui sezon, de la culori la stiluri \u0219i v\u0103 ofer\u0103 sfaturi despre cum s\u0103 face\u021bi cea mai bun\u0103 alegere. Exist\u0103 op\u021biuni pentru fiecare tip de b\u0103rbat, fie c\u0103 prefera\u021bi stilul sportiv, casual sau la mod\u0103. Haide\u021bi s\u0103 analiz\u0103m diferitele stiluri \u0219i s\u0103 vedem ce are de oferit acest sezon.<\/p>\n<h2>Diferitele stiluri de jachete de var\u0103<\/h2>\n<p><img decoding=\"async\" alt=\"Een lichte jasje hangt aan een hanger in een kledingwinkel, omringd door verschillende kledingstukken.\" src=\"https:\/\/vanbeek-recycel.nl\/wp-content\/uploads\/imagebd7e0a5380e24524942aae2f1a965bb7.png\"\/><\/p>\n<p>Exist\u0103 nenum\u0103rate stiluri de jachete de var\u0103, iar fiecare stil are propriul s\u0103u stil unic. Tipul potrivit de jachet\u0103 poate asigura c\u0103 \u021binuta ta nu este doar complet\u0103, ci reflect\u0103 \u0219i gusturile tale personale. Iat\u0103 c\u00e2teva stiluri populare pe care ai putea dori s\u0103 le iei \u00een considerare:<\/p>\n<ul>\n<li>Jachete sport, perfecte pentru un look casual.<\/li>\n<li>Jachete casual, versatile pentru diferite ocazii.<\/li>\n<li>Paltoane la mod\u0103 care respect\u0103 cele mai recente tendin\u021be \u00een mod\u0103.<\/li>\n<\/ul>\n<h3>Jachete sport<\/h3>\n<p>Jachetele sport, cum ar fi jachetele windbreaker \u0219i bomber, sunt excelente pentru b\u0103rba\u021bii care duc un stil de via\u021b\u0103 activ. Aceste jachete sunt de obicei u\u0219oare, ceea ce le face ideale pentru activit\u0103\u021bile de var\u0103. De asemenea, ofer\u0103 o libertate excelent\u0103 de mi\u0219care, permi\u021b\u00e2ndu-v\u0103 s\u0103 v\u0103 mi\u0219ca\u021bi liber f\u0103r\u0103 a v\u0103 sim\u021bi constr\u00e2n\u0219i. Designul este adesea simplu, dar elegant, ceea ce le face u\u0219or de combinat cu alte articole vestimentare casual. O jachet\u0103 windbreaker poate fi, de asemenea, un plus excelent pentru \u021binuta dvs. sport, \u00een timp ce o jachet\u0103 bomber v\u0103 ofer\u0103 un aspect la mod\u0103, indiferent dac\u0103 merge\u021bi la sal\u0103 sau ie\u0219i\u021bi \u00eentr-o ie\u0219ire casual.<\/p>\n<h3>Jachete casual<\/h3>\n<p>Jachetele casual sunt un element esen\u021bial \u00een garderob\u0103, deoarece pot fi adaptate cu u\u0219urin\u021b\u0103 at\u00e2t situa\u021biilor formale, c\u00e2t \u0219i informale. G\u00e2nde\u0219te-te la jachete din denim sau trench-uri u\u0219oare; acestea sunt perfecte pentru o ie\u0219ire de o zi sau o ie\u0219ire de sear\u0103. Versatilitatea jachetelor casual le face o alegere convenabil\u0103, mai ales atunci c\u00e2nd nu e\u0219ti sigur\u0103 ce s\u0103 por\u021bi. \u00cen plus, le po\u021bi asorta cu o varietate de \u021binute, de la un tricou simplu \u0219i blugi p\u00e2n\u0103 la o c\u0103ma\u0219\u0103 mai elegant\u0103 \u0219i pantaloni chino. \u00cen acest sezon, acestea vin \u0219i \u00eentr-o varietate de culori \u0219i stiluri, a\u0219a c\u0103 exist\u0103 c\u00e2te ceva pentru fiecare.<\/p>\n<h2>Culori \u0219i modele populare<\/h2>\n<p><img decoding=\"async\" alt=\"Vijf mannen in kleurrijke jassen lachen en poseren samen in een park met groen gras en bomen.\" src=\"https:\/\/vanbeek-recycel.nl\/wp-content\/uploads\/image582ed3611dae4151ae675bcfd3cc0902.png\"\/><\/p>\n<p>Culoarea \u0219i modelul sunt aspecte esen\u021biale ale oric\u0103rei alegeri vestimentare. \u00cen acest sezon vedem o gam\u0103 larg\u0103 de culori \u0219i modele care cu siguran\u021b\u0103 v\u0103 vor face remarca\u021bi. Iat\u0103 c\u00e2teva culori \u0219i modele populare pe care le pute\u021bi g\u0103si \u00een magazine:<\/p>\n<table border=\"1\">\n<tr>\n<th>Culoare<\/th>\n<th>Cartu\u015f<\/th>\n<\/tr>\n<tr>\n<td>Bej<\/td>\n<td>Camuflaj<\/td>\n<\/tr>\n<tr>\n<td>Gri<\/td>\n<td>Flori<\/td>\n<\/tr>\n<tr>\n<td>Marin\u0103<\/td>\n<td>Dungi<\/td>\n<\/tr>\n<tr>\n<td>Fluorescent<\/td>\n<td>F\u0103r\u0103 model<\/td>\n<\/tr>\n<\/table>\n<p>Culorile neutre precum bej, gri \u0219i bleumarin sunt atemporale \u0219i u\u0219or de combinat cu alte articole vestimentare, \u00een timp ce culorile str\u0103lucitoare precum fluorescentele sunt perfecte pentru a-\u021bi \u00eenveseli look-ul de var\u0103. \u00cen plus, modele precum camuflajul, florile \u0219i dungile sunt excelente pentru a ie\u0219i \u00een eviden\u021b\u0103. Experimenteaz\u0103 cu diferite culori \u0219i modele pentru a crea un look proasp\u0103t \u0219i unic.<\/p>\n<h2>Materiale \u0219i tehnologii<\/h2>\n<p>Alegerea materialului este de mare importan\u021b\u0103 at\u00e2t pentru confortul, c\u00e2t \u0219i pentru func\u021bionalitatea jachetei tale de var\u0103. Pentru acest sezon, exist\u0103 mai multe materiale \u0219i tehnologii care sunt \u00een centrul aten\u021biei. Materialele u\u0219oare \u0219i respirabile, precum bumbacul \u0219i inul, sunt perfecte pentru zilele de var\u0103, \u00een timp ce materialele tehnice ofer\u0103 protec\u021bie suplimentar\u0103 \u00eempotriva condi\u021biilor meteorologice neprev\u0103zute.<\/p>\n<ul>\n<li>Materiale u\u0219oare precum bumbacul \u0219i inul pentru respirabilitate.<\/li>\n<li>Tehnologii hidrofuge pentru a te men\u021bine uscat.<\/li>\n<li>Jachete produse sustenabil din materiale reciclate.<\/li>\n<\/ul>\n<p>Sustenabilitatea este un subiect fierbinte \u00een industria modei. Jachetele fabricate din materiale reciclate nu sunt doar benefice pentru mediu, ci ofer\u0103 \u0219i stil \u0219i confort. Alege jachete care adopt\u0103 aceste abord\u0103ri inovatoare, astfel \u00eenc\u00e2t s\u0103 te sim\u021bi bine purt\u00e2nd ceea ce alegi, f\u0103r\u0103 s\u0103-\u021bi faci griji cu privire la impactul asupra planetei.<\/p>\n<h2>La ce ar trebui s\u0103 fii atent atunci c\u00e2nd alegi o jachet\u0103 de var\u0103?<\/h2>\n<p>Atunci c\u00e2nd alegi o jachet\u0103 de var\u0103, exist\u0103 mai mul\u021bi factori importan\u021bi de luat \u00een considerare. \u00cen primul r\u00e2nd, croiala este crucial\u0103; o croial\u0103 bun\u0103 asigur\u0103 nu doar c\u0103 ar\u0103\u021bi bine, ci \u0219i c\u0103 te sim\u021bi confortabil. G\u00e2nde\u0219te-te la func\u021bionalitatea jachetei; este pentru uz zilnic sau ai nevoie de ceva special pentru o anumit\u0103 ocazie? \u00cen plus, este important s\u0103 te ui\u021bi la raportul pre\u021b-calitate.<\/p>\n<ul>\n<li>Croial\u0103: Asigura\u021bi-v\u0103 c\u0103 jacheta se potrive\u0219te bine.<\/li>\n<li>Func\u021bionalitate: Stabile\u0219te la ce vrei s\u0103 folose\u0219ti jacheta.<\/li>\n<li>Raport calitate-pre\u021b: Nu uita\u021bi s\u0103 compara\u021bi pre\u021burile.<\/li>\n<\/ul>\n<p>Investi\u021bia \u00eentr-o jachet\u0103 elegant\u0103 \u0219i func\u021bional\u0103 merit\u0103 \u00eentotdeauna. Compar\u00e2nd pre\u021burile \u0219i c\u0103ut\u00e2nd reduceri, po\u021bi g\u0103si oferte excelente f\u0103r\u0103 a sacrifica calitatea.<\/p>\n<h2>Concluzie<\/h2>\n<p>Tendin\u021bele acestui sezon \u00een materie de jachete de var\u0103 pentru b\u0103rba\u021bi ofer\u0103 o combina\u021bie excelent\u0103 de stil \u0219i func\u021bionalitate. Cu o gam\u0103 larg\u0103 de stiluri, de la jachete sport \u0219i casual la modele la mod\u0103 \u0219i op\u021biuni sustenabile, exist\u0103 c\u00e2te ceva pentru fiecare. Este important s\u0103 iei \u00een considerare gusturile tale personale \u0219i nevoile practice ale garderobei tale atunci c\u00e2nd faci alegerea. Nu uita s\u0103 acorzi aten\u021bie croiului, materialelor \u0219i culorilor care \u021bi se potrivesc. \u00cen acest fel, vei fi bine preg\u0103tit pentru sezonul estival care este chiar dup\u0103 col\u021b.<\/p>\n<h2>\u00centreb\u0103ri frecvente<\/h2>\n<ul>\n<li><strong>Care sunt cele mai populare culori pentru jachetele de var\u0103?<\/strong> Culorile neutre, culorile str\u0103lucitoare \u0219i diversele imprimeuri sunt populare \u00een prezent.<\/li>\n<li><strong>Ce materiale sunt ideale pentru o jachet\u0103 de var\u0103?<\/strong> Materialele u\u0219oare precum bumbacul \u0219i inul, precum \u0219i materialele tehnice cu propriet\u0103\u021bi hidrofuge, sunt ideale pentru var\u0103.<\/li>\n<li><strong>Trebuie neap\u0103rat s\u0103 fie scump\u0103 o hain\u0103 de var\u0103 ca s\u0103 fie la mod\u0103?<\/strong> Nu, exist\u0103 multe op\u021biuni accesibile, elegante \u0219i de bun\u0103 calitate. Este important s\u0103 acorda\u021bi aten\u021bie potrivirii \u0219i func\u021bionalit\u0103\u021bii.<\/li>\n<li><strong>Cum aleg croiala potrivit\u0103 pentru o jachet\u0103 de var\u0103?<\/strong> Asigur\u0103-te c\u0103 jacheta \u021bi se potrive\u0219te bine, dar ofer\u0103 \u0219i suficient spa\u021biu pentru mai multe straturi, mai ales dac\u0103 vrei s\u0103 o por\u021bi \u00een serile mai r\u0103coroase.<\/li>\n<\/ul>","protected":false},"excerpt":{"rendered":"<p>Jachetele de var\u0103 sunt mult mai mult dec\u00e2t o simpl\u0103 pies\u0103 vestimentar\u0103 func\u021bional\u0103; ele sunt o expresie a stilului personal \u0219i servesc drept element important \u00een mod\u0103.<\/p>","protected":false},"author":1,"featured_media":290,"comment_status":"closed","ping_status":"closed","sticky":false,"template":"","format":"standard","meta":{"_acf_changed":false,"footnotes":""},"categories":[1],"tags":[],"class_list":["post-315","post","type-post","status-publish","format-standard","has-post-thumbnail","hentry","category-bloggen"],"acf":[],"yoast_head":"<!-- This site is optimized with the Yoast SEO plugin v23.2 - https:\/\/yoast.com\/wordpress\/plugins\/seo\/ -->\n<title>Ontdek de Leukste Zomerjassen Trends voor Heren: Stijl en Functionaliteit voor het Seizoen<\/title>\n<meta name=\"description\" content=\"Verken de nieuwste zomerjassen trends voor heren, inclusief stijlen, kleuren en materialen voor een stijlvolle look dit seizoen.\" \/>\n<meta name=\"robots\" content=\"index, follow, max-snippet:-1, max-image-preview:large, max-video-preview:-1\" \/>\n<link rel=\"canonical\" href=\"https:\/\/vanbeek-recycel.nl\/ro\/de-leukste-zomerjassen-trends-voor-heren\/\" \/>\n<meta property=\"og:locale\" content=\"ro_RO\" \/>\n<meta property=\"og:type\" content=\"article\" \/>\n<meta property=\"og:title\" content=\"Ontdek de Leukste Zomerjassen Trends voor Heren: Stijl en Functionaliteit voor het Seizoen\" \/>\n<meta property=\"og:description\" content=\"Verken de nieuwste zomerjassen trends voor heren, inclusief stijlen, kleuren en materialen voor een stijlvolle look dit seizoen.\" \/>\n<meta property=\"og:url\" content=\"https:\/\/vanbeek-recycel.nl\/ro\/de-leukste-zomerjassen-trends-voor-heren\/\" \/>\n<meta property=\"og:site_name\" content=\"vanbeek-recycel.nl\" \/>\n<meta property=\"article:published_time\" content=\"2025-06-25T23:00:00+00:00\" \/>\n<meta property=\"og:image\" content=\"https:\/\/vanbeek-recycel.nl\/wp-content\/uploads\/image0228bcba26064b9e99a95a1864bda822.png\" \/>\n\t<meta property=\"og:image:width\" content=\"1024\" \/>\n\t<meta property=\"og:image:height\" content=\"768\" \/>\n\t<meta property=\"og:image:type\" content=\"image\/png\" \/>\n<meta name=\"author\" content=\"Axel Leclercq\" \/>\n<meta name=\"twitter:card\" content=\"summary_large_image\" \/>\n<meta name=\"twitter:label1\" content=\"Scris de\" \/>\n\t<meta name=\"twitter:data1\" content=\"Axel Leclercq\" \/>\n\t<meta name=\"twitter:label2\" content=\"Timp estimat pentru citire\" \/>\n\t<meta name=\"twitter:data2\" content=\"5 minute\" \/>\n<script type=\"application\/ld+json\" class=\"yoast-schema-graph\">{\"@context\":\"https:\/\/schema.org\",\"@graph\":[{\"@type\":\"WebPage\",\"@id\":\"https:\/\/vanbeek-recycel.nl\/de-leukste-zomerjassen-trends-voor-heren\/\",\"url\":\"https:\/\/vanbeek-recycel.nl\/de-leukste-zomerjassen-trends-voor-heren\/\",\"name\":\"Ontdek de Leukste Zomerjassen Trends voor Heren: Stijl en Functionaliteit voor het Seizoen\",\"isPartOf\":{\"@id\":\"https:\/\/vanbeek-recycel.nl\/#website\"},\"primaryImageOfPage\":{\"@id\":\"https:\/\/vanbeek-recycel.nl\/de-leukste-zomerjassen-trends-voor-heren\/#primaryimage\"},\"image\":{\"@id\":\"https:\/\/vanbeek-recycel.nl\/de-leukste-zomerjassen-trends-voor-heren\/#primaryimage\"},\"thumbnailUrl\":\"https:\/\/vanbeek-recycel.nl\/wp-content\/uploads\/image0228bcba26064b9e99a95a1864bda822.png\",\"datePublished\":\"2025-06-25T23:00:00+00:00\",\"dateModified\":\"2025-06-25T23:00:00+00:00\",\"author\":{\"@id\":\"https:\/\/vanbeek-recycel.nl\/#\/schema\/person\/f254f6153451f4947b1d0db720fdcfb9\"},\"description\":\"Verken de nieuwste zomerjassen trends voor heren, inclusief stijlen, kleuren en materialen voor een stijlvolle look dit seizoen.\",\"breadcrumb\":{\"@id\":\"https:\/\/vanbeek-recycel.nl\/de-leukste-zomerjassen-trends-voor-heren\/#breadcrumb\"},\"inLanguage\":\"ro-RO\",\"potentialAction\":[{\"@type\":\"ReadAction\",\"target\":[\"https:\/\/vanbeek-recycel.nl\/de-leukste-zomerjassen-trends-voor-heren\/\"]}]},{\"@type\":\"ImageObject\",\"inLanguage\":\"ro-RO\",\"@id\":\"https:\/\/vanbeek-recycel.nl\/de-leukste-zomerjassen-trends-voor-heren\/#primaryimage\",\"url\":\"https:\/\/vanbeek-recycel.nl\/wp-content\/uploads\/image0228bcba26064b9e99a95a1864bda822.png\",\"contentUrl\":\"https:\/\/vanbeek-recycel.nl\/wp-content\/uploads\/image0228bcba26064b9e99a95a1864bda822.png\",\"width\":1024,\"height\":768},{\"@type\":\"BreadcrumbList\",\"@id\":\"https:\/\/vanbeek-recycel.nl\/de-leukste-zomerjassen-trends-voor-heren\/#breadcrumb\",\"itemListElement\":[{\"@type\":\"ListItem\",\"position\":1,\"name\":\"Home\",\"item\":\"https:\/\/vanbeek-recycel.nl\/\"},{\"@type\":\"ListItem\",\"position\":2,\"name\":\"De leukste zomerjassen trends voor heren\"}]},{\"@type\":\"WebSite\",\"@id\":\"https:\/\/vanbeek-recycel.nl\/#website\",\"url\":\"https:\/\/vanbeek-recycel.nl\/\",\"name\":\"vanbeek-recycel.nl\",\"description\":\"Tips voor jouw perfecte look en stijl\",\"potentialAction\":[{\"@type\":\"SearchAction\",\"target\":{\"@type\":\"EntryPoint\",\"urlTemplate\":\"https:\/\/vanbeek-recycel.nl\/?s={search_term_string}\"},\"query-input\":\"required name=search_term_string\"}],\"inLanguage\":\"ro-RO\"},{\"@type\":\"Person\",\"@id\":\"https:\/\/vanbeek-recycel.nl\/#\/schema\/person\/f254f6153451f4947b1d0db720fdcfb9\",\"name\":\"Axel Leclercq\",\"image\":{\"@type\":\"ImageObject\",\"inLanguage\":\"ro-RO\",\"@id\":\"https:\/\/vanbeek-recycel.nl\/#\/schema\/person\/image\/\",\"url\":\"https:\/\/vanbeek-recycel.nl\/wp-content\/uploads\/axel-leclercq_avatar-96x96.jpg\",\"contentUrl\":\"https:\/\/vanbeek-recycel.nl\/wp-content\/uploads\/axel-leclercq_avatar-96x96.jpg\",\"caption\":\"Axel Leclercq\"},\"description\":\"Axel Leclercq is een mode-expert met meer dan tien jaar ervaring in de mode-industrie. Na zijn studie modecommunicatie werkte hij als stylist en redacteur voor toonaangevende modetijdschriften. Tegenwoordig deelt hij zijn passie en kennis via blogs, workshops en stijladvies.\",\"url\":\"https:\/\/vanbeek-recycel.nl\/ro\/author\/axel-leclercq\/\"}]}<\/script>\n<!-- \/ Yoast SEO plugin. -->","yoast_head_json":{"title":"Ontdek de Leukste Zomerjassen Trends voor Heren: Stijl en Functionaliteit voor het Seizoen","description":"Verken de nieuwste zomerjassen trends voor heren, inclusief stijlen, kleuren en materialen voor een stijlvolle look dit seizoen.","robots":{"index":"index","follow":"follow","max-snippet":"max-snippet:-1","max-image-preview":"max-image-preview:large","max-video-preview":"max-video-preview:-1"},"canonical":"https:\/\/vanbeek-recycel.nl\/ro\/de-leukste-zomerjassen-trends-voor-heren\/","og_locale":"ro_RO","og_type":"article","og_title":"Ontdek de Leukste Zomerjassen Trends voor Heren: Stijl en Functionaliteit voor het Seizoen","og_description":"Verken de nieuwste zomerjassen trends voor heren, inclusief stijlen, kleuren en materialen voor een stijlvolle look dit seizoen.","og_url":"https:\/\/vanbeek-recycel.nl\/ro\/de-leukste-zomerjassen-trends-voor-heren\/","og_site_name":"vanbeek-recycel.nl","article_published_time":"2025-06-25T23:00:00+00:00","og_image":[{"width":1024,"height":768,"url":"https:\/\/vanbeek-recycel.nl\/wp-content\/uploads\/image0228bcba26064b9e99a95a1864bda822.png","type":"image\/png"}],"author":"Axel Leclercq","twitter_card":"summary_large_image","twitter_misc":{"Scris de":"Axel Leclercq","Timp estimat pentru citire":"5 minute"},"schema":{"@context":"https:\/\/schema.org","@graph":[{"@type":"WebPage","@id":"https:\/\/vanbeek-recycel.nl\/de-leukste-zomerjassen-trends-voor-heren\/","url":"https:\/\/vanbeek-recycel.nl\/de-leukste-zomerjassen-trends-voor-heren\/","name":"Ontdek de Leukste Zomerjassen Trends voor Heren: Stijl en Functionaliteit voor het Seizoen","isPartOf":{"@id":"https:\/\/vanbeek-recycel.nl\/#website"},"primaryImageOfPage":{"@id":"https:\/\/vanbeek-recycel.nl\/de-leukste-zomerjassen-trends-voor-heren\/#primaryimage"},"image":{"@id":"https:\/\/vanbeek-recycel.nl\/de-leukste-zomerjassen-trends-voor-heren\/#primaryimage"},"thumbnailUrl":"https:\/\/vanbeek-recycel.nl\/wp-content\/uploads\/image0228bcba26064b9e99a95a1864bda822.png","datePublished":"2025-06-25T23:00:00+00:00","dateModified":"2025-06-25T23:00:00+00:00","author":{"@id":"https:\/\/vanbeek-recycel.nl\/#\/schema\/person\/f254f6153451f4947b1d0db720fdcfb9"},"description":"Verken de nieuwste zomerjassen trends voor heren, inclusief stijlen, kleuren en materialen voor een stijlvolle look dit seizoen.","breadcrumb":{"@id":"https:\/\/vanbeek-recycel.nl\/de-leukste-zomerjassen-trends-voor-heren\/#breadcrumb"},"inLanguage":"ro-RO","potentialAction":[{"@type":"ReadAction","target":["https:\/\/vanbeek-recycel.nl\/de-leukste-zomerjassen-trends-voor-heren\/"]}]},{"@type":"ImageObject","inLanguage":"ro-RO","@id":"https:\/\/vanbeek-recycel.nl\/de-leukste-zomerjassen-trends-voor-heren\/#primaryimage","url":"https:\/\/vanbeek-recycel.nl\/wp-content\/uploads\/image0228bcba26064b9e99a95a1864bda822.png","contentUrl":"https:\/\/vanbeek-recycel.nl\/wp-content\/uploads\/image0228bcba26064b9e99a95a1864bda822.png","width":1024,"height":768},{"@type":"BreadcrumbList","@id":"https:\/\/vanbeek-recycel.nl\/de-leukste-zomerjassen-trends-voor-heren\/#breadcrumb","itemListElement":[{"@type":"ListItem","position":1,"name":"Home","item":"https:\/\/vanbeek-recycel.nl\/"},{"@type":"ListItem","position":2,"name":"De leukste zomerjassen trends voor heren"}]},{"@type":"WebSite","@id":"https:\/\/vanbeek-recycel.nl\/#website","url":"https:\/\/vanbeek-recycel.nl\/","name":"vanbeek-recycel.nl","description":"Tips voor jouw perfecte look en stijl","potentialAction":[{"@type":"SearchAction","target":{"@type":"EntryPoint","urlTemplate":"https:\/\/vanbeek-recycel.nl\/?s={search_term_string}"},"query-input":"required name=search_term_string"}],"inLanguage":"ro-RO"},{"@type":"Person","@id":"https:\/\/vanbeek-recycel.nl\/#\/schema\/person\/f254f6153451f4947b1d0db720fdcfb9","name":"Axel Leclercq","image":{"@type":"ImageObject","inLanguage":"ro-RO","@id":"https:\/\/vanbeek-recycel.nl\/#\/schema\/person\/image\/","url":"https:\/\/vanbeek-recycel.nl\/wp-content\/uploads\/axel-leclercq_avatar-96x96.jpg","contentUrl":"https:\/\/vanbeek-recycel.nl\/wp-content\/uploads\/axel-leclercq_avatar-96x96.jpg","caption":"Axel Leclercq"},"description":"Axel Leclercq is een mode-expert met meer dan tien jaar ervaring in de mode-industrie. Na zijn studie modecommunicatie werkte hij als stylist en redacteur voor toonaangevende modetijdschriften. Tegenwoordig deelt hij zijn passie en kennis via blogs, workshops en stijladvies.","url":"https:\/\/vanbeek-recycel.nl\/ro\/author\/axel-leclercq\/"}]}},"yoast_meta":{"yoast_wpseo_title":"","yoast_wpseo_metadesc":"","yoast_wpseo_canonical":"https:\/\/vanbeek-recycel.nl\/ro\/wp-json\/wp\/v2\/posts\/315"},"_links":{"self":[{"href":"https:\/\/vanbeek-recycel.nl\/ro\/wp-json\/wp\/v2\/posts\/315","targetHints":{"allow":["GET"]}}],"collection":[{"href":"https:\/\/vanbeek-recycel.nl\/ro\/wp-json\/wp\/v2\/posts"}],"about":[{"href":"https:\/\/vanbeek-recycel.nl\/ro\/wp-json\/wp\/v2\/types\/post"}],"author":[{"embeddable":true,"href":"https:\/\/vanbeek-recycel.nl\/ro\/wp-json\/wp\/v2\/users\/1"}],"replies":[{"embeddable":true,"href":"https:\/\/vanbeek-recycel.nl\/ro\/wp-json\/wp\/v2\/comments?post=315"}],"version-history":[{"count":1,"href":"https:\/\/vanbeek-recycel.nl\/ro\/wp-json\/wp\/v2\/posts\/315\/revisions"}],"predecessor-version":[{"id":329,"href":"https:\/\/vanbeek-recycel.nl\/ro\/wp-json\/wp\/v2\/posts\/315\/revisions\/329"}],"wp:featuredmedia":[{"embeddable":true,"href":"https:\/\/vanbeek-recycel.nl\/ro\/wp-json\/wp\/v2\/media\/290"}],"wp:attachment":[{"href":"https:\/\/vanbeek-recycel.nl\/ro\/wp-json\/wp\/v2\/media?parent=315"}],"wp:term":[{"taxonomy":"category","embeddable":true,"href":"https:\/\/vanbeek-recycel.nl\/ro\/wp-json\/wp\/v2\/categories?post=315"},{"taxonomy":"post_tag","embeddable":true,"href":"https:\/\/vanbeek-recycel.nl\/ro\/wp-json\/wp\/v2\/tags?post=315"}],"curies":[{"name":"wp","href":"https:\/\/api.w.org\/{rel}","templated":true}]}}