{"id":317,"date":"2025-06-24T00:00:00","date_gmt":"2025-06-23T23:00:00","guid":{"rendered":"https:\/\/vanbeek-recycel.nl\/?p=317"},"modified":"2025-06-24T00:00:00","modified_gmt":"2025-06-23T23:00:00","slug":"dit-zijn-de-trends-voor-herenshorts-in-2025","status":"publish","type":"post","link":"https:\/\/vanbeek-recycel.nl\/ro\/dit-zijn-de-trends-voor-herenshorts-in-2025\/","title":{"rendered":"Acestea sunt tendin\u021bele pentru pantaloni scur\u021bi b\u0103rb\u0103te\u0219ti \u00een 2025"},"content":{"rendered":"<div class=\"kk-star-ratings kksr-auto kksr-align-left kksr-valign-top\"\n    data-payload='{&quot;align&quot;:&quot;left&quot;,&quot;id&quot;:&quot;317&quot;,&quot;slug&quot;:&quot;default&quot;,&quot;valign&quot;:&quot;top&quot;,&quot;ignore&quot;:&quot;&quot;,&quot;reference&quot;:&quot;auto&quot;,&quot;class&quot;:&quot;&quot;,&quot;count&quot;:&quot;0&quot;,&quot;legendonly&quot;:&quot;&quot;,&quot;readonly&quot;:&quot;&quot;,&quot;score&quot;:&quot;0&quot;,&quot;starsonly&quot;:&quot;&quot;,&quot;best&quot;:&quot;5&quot;,&quot;gap&quot;:&quot;5&quot;,&quot;greet&quot;:&quot;Rate this post&quot;,&quot;legend&quot;:&quot;0\\\/5 - (0 votes)&quot;,&quot;size&quot;:&quot;24&quot;,&quot;title&quot;:&quot;Dit zijn d\u00e9 trends voor herenshorts in 2025&quot;,&quot;width&quot;:&quot;0&quot;,&quot;_legend&quot;:&quot;{score}\\\/{best} - ({count} {votes})&quot;,&quot;font_factor&quot;:&quot;1.25&quot;}'>\n            \n<div class=\"kksr-stars\">\n    \n<div class=\"kksr-stars-inactive\">\n            <div class=\"kksr-star\" data-star=\"1\" style=\"padding-right: 5px\">\n            \n\n<div class=\"kksr-icon\" style=\"width: 24px; height: 24px;\"><\/div>\n        <\/div>\n            <div class=\"kksr-star\" data-star=\"2\" style=\"padding-right: 5px\">\n            \n\n<div class=\"kksr-icon\" style=\"width: 24px; height: 24px;\"><\/div>\n        <\/div>\n            <div class=\"kksr-star\" data-star=\"3\" style=\"padding-right: 5px\">\n            \n\n<div class=\"kksr-icon\" style=\"width: 24px; height: 24px;\"><\/div>\n        <\/div>\n            <div class=\"kksr-star\" data-star=\"4\" style=\"padding-right: 5px\">\n            \n\n<div class=\"kksr-icon\" style=\"width: 24px; height: 24px;\"><\/div>\n        <\/div>\n            <div class=\"kksr-star\" data-star=\"5\" style=\"padding-right: 5px\">\n            \n\n<div class=\"kksr-icon\" style=\"width: 24px; height: 24px;\"><\/div>\n        <\/div>\n    <\/div>\n    \n<div class=\"kksr-stars-active\" style=\"width: 0px;\">\n            <div class=\"kksr-star\" style=\"padding-right: 5px\">\n            \n\n<div class=\"kksr-icon\" style=\"width: 24px; height: 24px;\"><\/div>\n        <\/div>\n            <div class=\"kksr-star\" style=\"padding-right: 5px\">\n            \n\n<div class=\"kksr-icon\" style=\"width: 24px; height: 24px;\"><\/div>\n        <\/div>\n            <div class=\"kksr-star\" style=\"padding-right: 5px\">\n            \n\n<div class=\"kksr-icon\" style=\"width: 24px; height: 24px;\"><\/div>\n        <\/div>\n            <div class=\"kksr-star\" style=\"padding-right: 5px\">\n            \n\n<div class=\"kksr-icon\" style=\"width: 24px; height: 24px;\"><\/div>\n        <\/div>\n            <div class=\"kksr-star\" style=\"padding-right: 5px\">\n            \n\n<div class=\"kksr-icon\" style=\"width: 24px; height: 24px;\"><\/div>\n        <\/div>\n    <\/div>\n<\/div>\n                \n\n<div class=\"kksr-legend\" style=\"font-size: 19.2px;\">\n            <span class=\"kksr-muted\">Evalueaz\u0103 aceast\u0103 postare<\/span>\n    <\/div>\n    <\/div>\n<p>2025 promite a fi un an interesant pentru b\u0103rbatul pasionat de mod\u0103, mai ales c\u00e2nd vine vorba de pantaloni scur\u021bi b\u0103rb\u0103te\u0219ti. Industria modei este \u00een continu\u0103 evolu\u021bie, iar aceast\u0103 evolu\u021bie merge dincolo de stil \u0219i confort. Un accent puternic pe sustenabilitate \u0219i func\u021bionalitate este norma emergent\u0103, nu doar estetica, ci \u0219i impactul asupra planetei juc\u00e2nd un rol important. Acest articol analizeaz\u0103 tendin\u021bele pe care nu vrei s\u0103 le ratezi. De la culori \u0219i croieli p\u00e2n\u0103 la cele mai bune accesorii, acoperim tot ce trebuie s\u0103 \u0219tii pentru a-\u021bi actualiza garderoba pentru sezonul urm\u0103tor.<\/p>\n<p>\u00cen trecut, pantalonii scur\u021bi erau adesea v\u0103zu\u021bi ca haine casual, dar tendin\u021bele anului 2025 schimb\u0103 acest lucru. Dimpotriv\u0103, acum vedem c\u0103 pantalonii scur\u021bi sunt mai versatili ca niciodat\u0103. Fie c\u0103 mergi la o petrecere pe plaj\u0103, la un gr\u0103tar cu prietenii sau chiar la o zi de lucru casual, cu pantalonii scur\u021bi b\u0103rb\u0103te\u0219ti potrivi\u021bi po\u021bi ap\u0103rea \u00eentotdeauna cu stil. \u0218i s\u0103 nu uit\u0103m c\u0103 alegerea potrivit\u0103 a pantalonilor scur\u021bi poate \u00eembun\u0103t\u0103\u021bi, de asemenea, aspectul general. A\u0219adar, care sunt cele mai importante tendin\u021be la care trebuie s\u0103 fii atent? Hai s\u0103 afl\u0103m!<\/p>\n<h2>Sustenabilitatea ca valoare fundamental\u0103<\/h2>\n<p><img decoding=\"async\" alt=\"Vijf paar shorts in verschillende kleuren liggen op een houten tafel in een lichte kamer.\" src=\"https:\/\/vanbeek-recycel.nl\/wp-content\/uploads\/image03cc00906b1b4a9f875598655e50928b.png\"\/><\/p>\n<p>Sustenabilitatea este un cuv\u00e2nt cheie care devine din ce \u00een ce mai important \u00een multe aspecte ale vie\u021bii noastre. Acest lucru este valabil \u0219i pentru mod\u0103, \u0219i mai precis pentru pantalonii scur\u021bi b\u0103rb\u0103te\u0219ti. Utilizarea materialelor ecologice nu este doar viitorul, ci \u0219i nevoia actual\u0103 a consumatorilor con\u0219tien\u021bi. Brandurile \u00ee\u0219i asum\u0103 responsabilitatea \u0219i opteaz\u0103 pentru \u021bes\u0103turi precum bumbacul organic \u0219i materialele reciclate. Aceast\u0103 alegere nu numai c\u0103 contribuie la reducerea amprentei ecologice, dar ofer\u0103 \u0219i o not\u0103 proasp\u0103t\u0103 stilurilor tradi\u021bionale.<\/p>\n<p>Este interesant de observat c\u0103 majoritatea pantalonilor scur\u021bi pentru b\u0103rba\u021bi care vor fi populari \u00een 2025 sunt fabrica\u021bi din materiale sustenabile. Iat\u0103 c\u00e2teva dintre materialele la care trebuie s\u0103 fi\u021bi aten\u021bi:<\/p>\n<ul>\n<li>Bumbac organic: O alegere excelent\u0103 care nu folose\u0219te substan\u021be chimice d\u0103un\u0103toare.<\/li>\n<li>Poliester reciclat: De la sticle vechi de plastic la pantaloni scur\u021bi de \u00eenalt\u0103 calitate.<\/li>\n<li>Lyocell: O \u021bes\u0103tur\u0103 moale \u0219i m\u0103t\u0103soas\u0103, fabricat\u0103 din past\u0103 de lemn, care este \u0219i biodegradabil\u0103.<\/li>\n<\/ul>\n<h2>Culoare \u0219i model<\/h2>\n<p><img decoding=\"async\" alt=\"Zes vrienden in zwemkleding lopen vrolijk over het strand met de zee op de achtergrond. Zon en plezier!\" src=\"https:\/\/vanbeek-recycel.nl\/wp-content\/uploads\/imageecb787880bb5488daa56f73e0611a250.png\"\/><\/p>\n<p>C\u00e2nd vine vorba de culoare \u0219i modele, tendin\u021bele pentru 2025 sunt diverse \u0219i dinamice. Culorile \u00eendr\u0103zne\u021be sunt populare, dar nici tonurile neutre nu \u00ee\u0219i pierd farmecul. Amestecarea diferitelor culori \u0219i modele poate duce pantalonii scur\u021bi la nivelul urm\u0103tor. Arunc\u0103 o privire \u00een garderoba ta \u0219i vezi dac\u0103 exist\u0103 loc pentru nuan\u021be \u0219i stiluri noi. De la imprimeuri safari clasice la culori bloc proaspete, aproape orice este posibil \u00een acest sezon. Nu este vorba doar despre ce por\u021bi, ci despre cum \u00eel por\u021bi.<\/p>\n<table border=\"1\">\n<tr>\n<th>Culoare<\/th>\n<th>Stare de spirit<\/th>\n<th>Ocazie<\/th>\n<\/tr>\n<tr>\n<td>Bej<\/td>\n<td>Calm<\/td>\n<td>Ie\u0219ire casual\u0103<\/td>\n<\/tr>\n<tr>\n<td>Verde neon<\/td>\n<td>Juc\u0103u\u015f<\/td>\n<td>Parte<\/td>\n<\/tr>\n<tr>\n<td>Albastru pastel<\/td>\n<td>Proasp\u0103t<\/td>\n<td>O zi \u00een ora\u0219<\/td>\n<\/tr>\n<\/table>\n<h2>Stiluri \u0219i croieli<\/h2>\n<p>Croiul pantalonilor scur\u021bi este un alt aspect important care se schimb\u0103 odat\u0103 cu tendin\u021bele. Vedem stiluri care se diversific\u0103, unde confortul \u0219i estetica se \u00eembin\u0103. Pantalonii scur\u021bi largi sunt \u00een cre\u0219tere \u00een 2025, \u0219i exist\u0103 motive pentru asta. Croiul lejer permite mai mult\u0103 libertate de mi\u0219care \u0219i respirabilitate. Pe de alt\u0103 parte, pantalonii scur\u021bi slim fit sunt \u00eenc\u0103 populari, \u00een special pentru ocazii mai formale. Este esen\u021bial s\u0103 alegi \u00een func\u021bie de stilul t\u0103u personal \u0219i de situa\u021biile \u00een care vrei s\u0103 \u00eei por\u021bi.<\/p>\n<p>Iat\u0103 c\u00e2teva avantaje ale ambelor stiluri:<\/p>\n<ul>\n<li><strong>Pantaloni scur\u021bi largi:<\/strong> Mai confortabil \u0219i ideal pentru situa\u021bii casual.<\/li>\n<li><strong>Pantaloni scur\u021bi slim fit:<\/strong> Ofer\u0103 un aspect mai elegant \u0219i mai rafinat pentru evenimentele formale.<\/li>\n<\/ul>\n<h2>Func\u021bionalitate \u0219i versatilitate<\/h2>\n<p>Pantalonii scur\u021bi b\u0103rb\u0103te\u0219ti din 2025 nu sunt doar despre aspect, ci \u0219i despre func\u021bionalitate. B\u0103rba\u021bii \u00ee\u0219i doresc acum haine care s\u0103 ofere anumite beneficii, cum ar fi func\u021bionalitatea \u0219i versatilitatea. Indiferent dac\u0103 ie\u0219i \u00een ora\u0219 sau explorezi natura, este esen\u021bial s\u0103 alegi pantaloni scur\u021bi care s\u0103 r\u0103spund\u0103 tuturor nevoilor tale. Pantalonii scur\u021bi cu caracteristici practice sunt \u00een tendin\u021be, ceea ce \u00ee\u021bi extinde considerabil op\u021biunile. G\u00e2nde\u0219te-te la pantaloni scur\u021bi cu buzunare ascunse \u0219i materiale cu uscare rapid\u0103.<\/p>\n<p>Iat\u0103 c\u00e2teva caracteristici func\u021bionale pe care trebuie s\u0103 le c\u0103uta\u021bi:<\/p>\n<ul>\n<li>Buzunare ascunse pentru obiecte de valoare.<\/li>\n<li>Tehnologie de uscare rapid\u0103 pentru confort \u00een timpul diverselor activit\u0103\u021bi.<\/li>\n<li>Protec\u021bie UV pentru zilele c\u0103lduroase.<\/li>\n<\/ul>\n<h2>Accesorii de combinat<\/h2>\n<p>\u00cen cele din urm\u0103, accesoriile potrivite sunt esen\u021biale pentru a-\u021bi completa \u021binuta. Pantalonii scur\u021bi pot fi u\u0219or personaliza\u021bi cu c\u00e2teva accesorii bine alese. G\u00e2nde\u0219te-te la articole care nu sunt doar atr\u0103g\u0103toare din punct de vedere vizual, ci \u0219i practice. Cureaua potrivit\u0103 poate accentua talia, \u00een timp ce o p\u0103l\u0103rie ofer\u0103 protec\u021bie \u00eempotriva soarelui \u0219i adaug\u0103 stil. Ochelarii de soare sunt, de asemenea, esen\u021biali pentru o \u021binut\u0103 de var\u0103. Iat\u0103 c\u00e2teva accesorii care merit\u0103 luate \u00een considerare:<\/p>\n<ul>\n<li>Curele elegante<\/li>\n<li>P\u0103l\u0103rii elegante<\/li>\n<li>Ochelari de soare la mod\u0103<\/li>\n<\/ul>\n<h2>Concluzie<\/h2>\n<p>Tendin\u021bele pentru pantaloni scur\u021bi b\u0103rb\u0103te\u0219ti \u00een 2025 reflect\u0103 valorile \u00een schimbare din industria modei. Sustenabilitatea, stilul \u0219i func\u021bionalitatea sunt toate esen\u021biale pentru alegerile consumatorilor. Acord\u00e2nd aten\u021bie materialelor, culorilor \u0219i accesoriilor, b\u0103rba\u021bii \u00ee\u0219i pot varia la nesf\u00e2r\u0219it \u021binutele, fiind \u00een acela\u0219i timp con\u0219tien\u021bi de impactul asupra mediului al alegerilor lor vestimentare. Este o perioad\u0103 interesant\u0103 pentru b\u0103rba\u021bii pasiona\u021bi de mod\u0103 care aleg s\u0103 fie la mod\u0103 \u0219i responsabili \u00een alegerile lor vestimentare.<\/p>\n<h2>\u00centreb\u0103ri frecvente<\/h2>\n<ul>\n<li><strong>Care sunt principalele tendin\u021be \u00een materie de pantaloni scur\u021bi pentru b\u0103rba\u021bi \u00een 2025?<\/strong> Sustenabilitatea, culorile, stilurile \u0219i func\u021bionalitatea sunt principalele tendin\u021be.<\/li>\n<li><strong>Ce materiale devin populare pentru pantalonii scur\u021bi b\u0103rb\u0103te\u0219ti?<\/strong> Bumbacul organic \u0219i \u021bes\u0103turile reciclate devin din ce \u00een ce mai comune.<\/li>\n<li><strong>La ce culori m\u0103 pot a\u0219tepta \u00een acest sezon?<\/strong> At\u00e2t tonurile neutre, c\u00e2t \u0219i culorile str\u0103lucitoare vor fi la mod\u0103.<\/li>\n<li><strong>Ce croieli sunt la mod\u0103 pentru pantalonii scur\u021bi b\u0103rb\u0103te\u0219ti?<\/strong> Pantalonii scur\u021bi largi sunt populari, dar \u0219i croiala slim fit r\u0103m\u00e2ne popular\u0103.<\/li>\n<li><strong>Care sunt c\u00e2teva accesorii utile pentru pantalonii scur\u021bi b\u0103rb\u0103te\u0219ti?<\/strong> Curelele, p\u0103l\u0103riile \u0219i ochelarii de soare sunt accesorii esen\u021biale care pot completa \u021binuta.<\/li>\n<\/ul>","protected":false},"excerpt":{"rendered":"<p>2025 promite a fi un an interesant pentru b\u0103rbatul preocupat de mod\u0103, mai ales c\u00e2nd vine vorba de pantaloni scur\u021bi b\u0103rb\u0103te\u0219ti. Industria modei este \u00een continu\u0103 evolu\u021bie, iar aceast\u0103 evolu\u021bie va...<\/p>","protected":false},"author":1,"featured_media":294,"comment_status":"closed","ping_status":"closed","sticky":false,"template":"","format":"standard","meta":{"_acf_changed":false,"footnotes":""},"categories":[1],"tags":[],"class_list":["post-317","post","type-post","status-publish","format-standard","has-post-thumbnail","hentry","category-bloggen"],"acf":[],"yoast_head":"<!-- This site is optimized with the Yoast SEO plugin v23.2 - https:\/\/yoast.com\/wordpress\/plugins\/seo\/ -->\n<title>Ontdek de trends voor herenshorts in 2025: Duurzaamheid, stijl en functionaliteit<\/title>\n<meta name=\"description\" content=\"Verken de belangrijkste trends voor herenshorts in 2025, inclusief stijlen, kleuren en duurzame materialen voor modebewuste mannen.\" \/>\n<meta name=\"robots\" content=\"index, follow, max-snippet:-1, max-image-preview:large, max-video-preview:-1\" \/>\n<link rel=\"canonical\" href=\"https:\/\/vanbeek-recycel.nl\/ro\/dit-zijn-de-trends-voor-herenshorts-in-2025\/\" \/>\n<meta property=\"og:locale\" content=\"ro_RO\" \/>\n<meta property=\"og:type\" content=\"article\" \/>\n<meta property=\"og:title\" content=\"Ontdek de trends voor herenshorts in 2025: Duurzaamheid, stijl en functionaliteit\" \/>\n<meta property=\"og:description\" content=\"Verken de belangrijkste trends voor herenshorts in 2025, inclusief stijlen, kleuren en duurzame materialen voor modebewuste mannen.\" \/>\n<meta property=\"og:url\" content=\"https:\/\/vanbeek-recycel.nl\/ro\/dit-zijn-de-trends-voor-herenshorts-in-2025\/\" \/>\n<meta property=\"og:site_name\" content=\"vanbeek-recycel.nl\" \/>\n<meta property=\"article:published_time\" content=\"2025-06-23T23:00:00+00:00\" \/>\n<meta property=\"og:image\" content=\"https:\/\/vanbeek-recycel.nl\/wp-content\/uploads\/image35ca48c889544765a2fbcf48f2c95991.png\" \/>\n\t<meta property=\"og:image:width\" content=\"1024\" \/>\n\t<meta property=\"og:image:height\" content=\"768\" \/>\n\t<meta property=\"og:image:type\" content=\"image\/png\" \/>\n<meta name=\"author\" content=\"Axel Leclercq\" \/>\n<meta name=\"twitter:card\" content=\"summary_large_image\" \/>\n<meta name=\"twitter:label1\" content=\"Scris de\" \/>\n\t<meta name=\"twitter:data1\" content=\"Axel Leclercq\" \/>\n\t<meta name=\"twitter:label2\" content=\"Timp estimat pentru citire\" \/>\n\t<meta name=\"twitter:data2\" content=\"4 minute\" \/>\n<script type=\"application\/ld+json\" class=\"yoast-schema-graph\">{\"@context\":\"https:\/\/schema.org\",\"@graph\":[{\"@type\":\"WebPage\",\"@id\":\"https:\/\/vanbeek-recycel.nl\/ro\/dit-zijn-de-trends-voor-herenshorts-in-2025\/\",\"url\":\"https:\/\/vanbeek-recycel.nl\/ro\/dit-zijn-de-trends-voor-herenshorts-in-2025\/\",\"name\":\"Ontdek de trends voor herenshorts in 2025: Duurzaamheid, stijl en functionaliteit\",\"isPartOf\":{\"@id\":\"https:\/\/vanbeek-recycel.nl\/#website\"},\"primaryImageOfPage\":{\"@id\":\"https:\/\/vanbeek-recycel.nl\/ro\/dit-zijn-de-trends-voor-herenshorts-in-2025\/#primaryimage\"},\"image\":{\"@id\":\"https:\/\/vanbeek-recycel.nl\/ro\/dit-zijn-de-trends-voor-herenshorts-in-2025\/#primaryimage\"},\"thumbnailUrl\":\"https:\/\/vanbeek-recycel.nl\/wp-content\/uploads\/image35ca48c889544765a2fbcf48f2c95991.png\",\"datePublished\":\"2025-06-23T23:00:00+00:00\",\"dateModified\":\"2025-06-23T23:00:00+00:00\",\"author\":{\"@id\":\"https:\/\/vanbeek-recycel.nl\/#\/schema\/person\/f254f6153451f4947b1d0db720fdcfb9\"},\"description\":\"Verken de belangrijkste trends voor herenshorts in 2025, inclusief stijlen, kleuren en duurzame materialen voor modebewuste mannen.\",\"breadcrumb\":{\"@id\":\"https:\/\/vanbeek-recycel.nl\/ro\/dit-zijn-de-trends-voor-herenshorts-in-2025\/#breadcrumb\"},\"inLanguage\":\"ro-RO\",\"potentialAction\":[{\"@type\":\"ReadAction\",\"target\":[\"https:\/\/vanbeek-recycel.nl\/ro\/dit-zijn-de-trends-voor-herenshorts-in-2025\/\"]}]},{\"@type\":\"ImageObject\",\"inLanguage\":\"ro-RO\",\"@id\":\"https:\/\/vanbeek-recycel.nl\/ro\/dit-zijn-de-trends-voor-herenshorts-in-2025\/#primaryimage\",\"url\":\"https:\/\/vanbeek-recycel.nl\/wp-content\/uploads\/image35ca48c889544765a2fbcf48f2c95991.png\",\"contentUrl\":\"https:\/\/vanbeek-recycel.nl\/wp-content\/uploads\/image35ca48c889544765a2fbcf48f2c95991.png\",\"width\":1024,\"height\":768},{\"@type\":\"BreadcrumbList\",\"@id\":\"https:\/\/vanbeek-recycel.nl\/ro\/dit-zijn-de-trends-voor-herenshorts-in-2025\/#breadcrumb\",\"itemListElement\":[{\"@type\":\"ListItem\",\"position\":1,\"name\":\"Home\",\"item\":\"https:\/\/vanbeek-recycel.nl\/\"},{\"@type\":\"ListItem\",\"position\":2,\"name\":\"Dit zijn d\u00e9 trends voor herenshorts in 2025\"}]},{\"@type\":\"WebSite\",\"@id\":\"https:\/\/vanbeek-recycel.nl\/#website\",\"url\":\"https:\/\/vanbeek-recycel.nl\/\",\"name\":\"vanbeek-recycel.nl\",\"description\":\"Tips voor jouw perfecte look en stijl\",\"potentialAction\":[{\"@type\":\"SearchAction\",\"target\":{\"@type\":\"EntryPoint\",\"urlTemplate\":\"https:\/\/vanbeek-recycel.nl\/?s={search_term_string}\"},\"query-input\":\"required name=search_term_string\"}],\"inLanguage\":\"ro-RO\"},{\"@type\":\"Person\",\"@id\":\"https:\/\/vanbeek-recycel.nl\/#\/schema\/person\/f254f6153451f4947b1d0db720fdcfb9\",\"name\":\"Axel Leclercq\",\"image\":{\"@type\":\"ImageObject\",\"inLanguage\":\"ro-RO\",\"@id\":\"https:\/\/vanbeek-recycel.nl\/#\/schema\/person\/image\/\",\"url\":\"https:\/\/vanbeek-recycel.nl\/wp-content\/uploads\/axel-leclercq_avatar-96x96.jpg\",\"contentUrl\":\"https:\/\/vanbeek-recycel.nl\/wp-content\/uploads\/axel-leclercq_avatar-96x96.jpg\",\"caption\":\"Axel Leclercq\"},\"description\":\"Axel Leclercq is een mode-expert met meer dan tien jaar ervaring in de mode-industrie. Na zijn studie modecommunicatie werkte hij als stylist en redacteur voor toonaangevende modetijdschriften. Tegenwoordig deelt hij zijn passie en kennis via blogs, workshops en stijladvies.\",\"url\":\"https:\/\/vanbeek-recycel.nl\/ro\/author\/axel-leclercq\/\"}]}<\/script>\n<!-- \/ Yoast SEO plugin. -->","yoast_head_json":{"title":"Ontdek de trends voor herenshorts in 2025: Duurzaamheid, stijl en functionaliteit","description":"Verken de belangrijkste trends voor herenshorts in 2025, inclusief stijlen, kleuren en duurzame materialen voor modebewuste mannen.","robots":{"index":"index","follow":"follow","max-snippet":"max-snippet:-1","max-image-preview":"max-image-preview:large","max-video-preview":"max-video-preview:-1"},"canonical":"https:\/\/vanbeek-recycel.nl\/ro\/dit-zijn-de-trends-voor-herenshorts-in-2025\/","og_locale":"ro_RO","og_type":"article","og_title":"Ontdek de trends voor herenshorts in 2025: Duurzaamheid, stijl en functionaliteit","og_description":"Verken de belangrijkste trends voor herenshorts in 2025, inclusief stijlen, kleuren en duurzame materialen voor modebewuste mannen.","og_url":"https:\/\/vanbeek-recycel.nl\/ro\/dit-zijn-de-trends-voor-herenshorts-in-2025\/","og_site_name":"vanbeek-recycel.nl","article_published_time":"2025-06-23T23:00:00+00:00","og_image":[{"width":1024,"height":768,"url":"https:\/\/vanbeek-recycel.nl\/wp-content\/uploads\/image35ca48c889544765a2fbcf48f2c95991.png","type":"image\/png"}],"author":"Axel Leclercq","twitter_card":"summary_large_image","twitter_misc":{"Scris de":"Axel Leclercq","Timp estimat pentru citire":"4 minute"},"schema":{"@context":"https:\/\/schema.org","@graph":[{"@type":"WebPage","@id":"https:\/\/vanbeek-recycel.nl\/ro\/dit-zijn-de-trends-voor-herenshorts-in-2025\/","url":"https:\/\/vanbeek-recycel.nl\/ro\/dit-zijn-de-trends-voor-herenshorts-in-2025\/","name":"Ontdek de trends voor herenshorts in 2025: Duurzaamheid, stijl en functionaliteit","isPartOf":{"@id":"https:\/\/vanbeek-recycel.nl\/#website"},"primaryImageOfPage":{"@id":"https:\/\/vanbeek-recycel.nl\/ro\/dit-zijn-de-trends-voor-herenshorts-in-2025\/#primaryimage"},"image":{"@id":"https:\/\/vanbeek-recycel.nl\/ro\/dit-zijn-de-trends-voor-herenshorts-in-2025\/#primaryimage"},"thumbnailUrl":"https:\/\/vanbeek-recycel.nl\/wp-content\/uploads\/image35ca48c889544765a2fbcf48f2c95991.png","datePublished":"2025-06-23T23:00:00+00:00","dateModified":"2025-06-23T23:00:00+00:00","author":{"@id":"https:\/\/vanbeek-recycel.nl\/#\/schema\/person\/f254f6153451f4947b1d0db720fdcfb9"},"description":"Verken de belangrijkste trends voor herenshorts in 2025, inclusief stijlen, kleuren en duurzame materialen voor modebewuste mannen.","breadcrumb":{"@id":"https:\/\/vanbeek-recycel.nl\/ro\/dit-zijn-de-trends-voor-herenshorts-in-2025\/#breadcrumb"},"inLanguage":"ro-RO","potentialAction":[{"@type":"ReadAction","target":["https:\/\/vanbeek-recycel.nl\/ro\/dit-zijn-de-trends-voor-herenshorts-in-2025\/"]}]},{"@type":"ImageObject","inLanguage":"ro-RO","@id":"https:\/\/vanbeek-recycel.nl\/ro\/dit-zijn-de-trends-voor-herenshorts-in-2025\/#primaryimage","url":"https:\/\/vanbeek-recycel.nl\/wp-content\/uploads\/image35ca48c889544765a2fbcf48f2c95991.png","contentUrl":"https:\/\/vanbeek-recycel.nl\/wp-content\/uploads\/image35ca48c889544765a2fbcf48f2c95991.png","width":1024,"height":768},{"@type":"BreadcrumbList","@id":"https:\/\/vanbeek-recycel.nl\/ro\/dit-zijn-de-trends-voor-herenshorts-in-2025\/#breadcrumb","itemListElement":[{"@type":"ListItem","position":1,"name":"Home","item":"https:\/\/vanbeek-recycel.nl\/"},{"@type":"ListItem","position":2,"name":"Dit zijn d\u00e9 trends voor herenshorts in 2025"}]},{"@type":"WebSite","@id":"https:\/\/vanbeek-recycel.nl\/#website","url":"https:\/\/vanbeek-recycel.nl\/","name":"vanbeek-recycel.nl","description":"Tips voor jouw perfecte look en stijl","potentialAction":[{"@type":"SearchAction","target":{"@type":"EntryPoint","urlTemplate":"https:\/\/vanbeek-recycel.nl\/?s={search_term_string}"},"query-input":"required name=search_term_string"}],"inLanguage":"ro-RO"},{"@type":"Person","@id":"https:\/\/vanbeek-recycel.nl\/#\/schema\/person\/f254f6153451f4947b1d0db720fdcfb9","name":"Axel Leclercq","image":{"@type":"ImageObject","inLanguage":"ro-RO","@id":"https:\/\/vanbeek-recycel.nl\/#\/schema\/person\/image\/","url":"https:\/\/vanbeek-recycel.nl\/wp-content\/uploads\/axel-leclercq_avatar-96x96.jpg","contentUrl":"https:\/\/vanbeek-recycel.nl\/wp-content\/uploads\/axel-leclercq_avatar-96x96.jpg","caption":"Axel Leclercq"},"description":"Axel Leclercq is een mode-expert met meer dan tien jaar ervaring in de mode-industrie. Na zijn studie modecommunicatie werkte hij als stylist en redacteur voor toonaangevende modetijdschriften. Tegenwoordig deelt hij zijn passie en kennis via blogs, workshops en stijladvies.","url":"https:\/\/vanbeek-recycel.nl\/ro\/author\/axel-leclercq\/"}]}},"yoast_meta":{"yoast_wpseo_title":"","yoast_wpseo_metadesc":"","yoast_wpseo_canonical":"https:\/\/vanbeek-recycel.nl\/ro\/wp-json\/wp\/v2\/posts\/317"},"_links":{"self":[{"href":"https:\/\/vanbeek-recycel.nl\/ro\/wp-json\/wp\/v2\/posts\/317","targetHints":{"allow":["GET"]}}],"collection":[{"href":"https:\/\/vanbeek-recycel.nl\/ro\/wp-json\/wp\/v2\/posts"}],"about":[{"href":"https:\/\/vanbeek-recycel.nl\/ro\/wp-json\/wp\/v2\/types\/post"}],"author":[{"embeddable":true,"href":"https:\/\/vanbeek-recycel.nl\/ro\/wp-json\/wp\/v2\/users\/1"}],"replies":[{"embeddable":true,"href":"https:\/\/vanbeek-recycel.nl\/ro\/wp-json\/wp\/v2\/comments?post=317"}],"version-history":[{"count":1,"href":"https:\/\/vanbeek-recycel.nl\/ro\/wp-json\/wp\/v2\/posts\/317\/revisions"}],"predecessor-version":[{"id":327,"href":"https:\/\/vanbeek-recycel.nl\/ro\/wp-json\/wp\/v2\/posts\/317\/revisions\/327"}],"wp:featuredmedia":[{"embeddable":true,"href":"https:\/\/vanbeek-recycel.nl\/ro\/wp-json\/wp\/v2\/media\/294"}],"wp:attachment":[{"href":"https:\/\/vanbeek-recycel.nl\/ro\/wp-json\/wp\/v2\/media?parent=317"}],"wp:term":[{"taxonomy":"category","embeddable":true,"href":"https:\/\/vanbeek-recycel.nl\/ro\/wp-json\/wp\/v2\/categories?post=317"},{"taxonomy":"post_tag","embeddable":true,"href":"https:\/\/vanbeek-recycel.nl\/ro\/wp-json\/wp\/v2\/tags?post=317"}],"curies":[{"name":"wp","href":"https:\/\/api.w.org\/{rel}","templated":true}]}}