{"id":319,"date":"2025-06-28T00:00:00","date_gmt":"2025-06-27T23:00:00","guid":{"rendered":"https:\/\/vanbeek-recycel.nl\/?p=319"},"modified":"2025-06-28T00:00:00","modified_gmt":"2025-06-27T23:00:00","slug":"zo-draag-je-de-dresscode-summer-chic","status":"publish","type":"post","link":"https:\/\/vanbeek-recycel.nl\/ro\/zo-draag-je-de-dresscode-summer-chic\/","title":{"rendered":"Cum s\u0103 por\u021bi codul vestimentar Summer Chic"},"content":{"rendered":"<div class=\"kk-star-ratings kksr-auto kksr-align-left kksr-valign-top\"\n    data-payload='{&quot;align&quot;:&quot;left&quot;,&quot;id&quot;:&quot;319&quot;,&quot;slug&quot;:&quot;default&quot;,&quot;valign&quot;:&quot;top&quot;,&quot;ignore&quot;:&quot;&quot;,&quot;reference&quot;:&quot;auto&quot;,&quot;class&quot;:&quot;&quot;,&quot;count&quot;:&quot;0&quot;,&quot;legendonly&quot;:&quot;&quot;,&quot;readonly&quot;:&quot;&quot;,&quot;score&quot;:&quot;0&quot;,&quot;starsonly&quot;:&quot;&quot;,&quot;best&quot;:&quot;5&quot;,&quot;gap&quot;:&quot;5&quot;,&quot;greet&quot;:&quot;Rate this post&quot;,&quot;legend&quot;:&quot;0\\\/5 - (0 votes)&quot;,&quot;size&quot;:&quot;24&quot;,&quot;title&quot;:&quot;Zo draag je de dresscode Summer Chic&quot;,&quot;width&quot;:&quot;0&quot;,&quot;_legend&quot;:&quot;{score}\\\/{best} - ({count} {votes})&quot;,&quot;font_factor&quot;:&quot;1.25&quot;}'>\n            \n<div class=\"kksr-stars\">\n    \n<div class=\"kksr-stars-inactive\">\n            <div class=\"kksr-star\" data-star=\"1\" style=\"padding-right: 5px\">\n            \n\n<div class=\"kksr-icon\" style=\"width: 24px; height: 24px;\"><\/div>\n        <\/div>\n            <div class=\"kksr-star\" data-star=\"2\" style=\"padding-right: 5px\">\n            \n\n<div class=\"kksr-icon\" style=\"width: 24px; height: 24px;\"><\/div>\n        <\/div>\n            <div class=\"kksr-star\" data-star=\"3\" style=\"padding-right: 5px\">\n            \n\n<div class=\"kksr-icon\" style=\"width: 24px; height: 24px;\"><\/div>\n        <\/div>\n            <div class=\"kksr-star\" data-star=\"4\" style=\"padding-right: 5px\">\n            \n\n<div class=\"kksr-icon\" style=\"width: 24px; height: 24px;\"><\/div>\n        <\/div>\n            <div class=\"kksr-star\" data-star=\"5\" style=\"padding-right: 5px\">\n            \n\n<div class=\"kksr-icon\" style=\"width: 24px; height: 24px;\"><\/div>\n        <\/div>\n    <\/div>\n    \n<div class=\"kksr-stars-active\" style=\"width: 0px;\">\n            <div class=\"kksr-star\" style=\"padding-right: 5px\">\n            \n\n<div class=\"kksr-icon\" style=\"width: 24px; height: 24px;\"><\/div>\n        <\/div>\n            <div class=\"kksr-star\" style=\"padding-right: 5px\">\n            \n\n<div class=\"kksr-icon\" style=\"width: 24px; height: 24px;\"><\/div>\n        <\/div>\n            <div class=\"kksr-star\" style=\"padding-right: 5px\">\n            \n\n<div class=\"kksr-icon\" style=\"width: 24px; height: 24px;\"><\/div>\n        <\/div>\n            <div class=\"kksr-star\" style=\"padding-right: 5px\">\n            \n\n<div class=\"kksr-icon\" style=\"width: 24px; height: 24px;\"><\/div>\n        <\/div>\n            <div class=\"kksr-star\" style=\"padding-right: 5px\">\n            \n\n<div class=\"kksr-icon\" style=\"width: 24px; height: 24px;\"><\/div>\n        <\/div>\n    <\/div>\n<\/div>\n                \n\n<div class=\"kksr-legend\" style=\"font-size: 19.2px;\">\n            <span class=\"kksr-muted\">Evalueaz\u0103 aceast\u0103 postare<\/span>\n    <\/div>\n    <\/div>\n<p>\u0218icul de var\u0103 este un stil care combin\u0103 ce e mai bun din ambele lumi: elegan\u021b\u0103 \u0219i confort, perfect pentru acele momente de var\u0103 c\u00e2nd vrei s\u0103 str\u0103luce\u0219ti f\u0103r\u0103 a sacrifica u\u0219urin\u021ba. Acest cod vestimentar invit\u0103 la utilizarea unor \u021bes\u0103turi vaporoase \u0219i a unor culori proaspete, ceea ce \u00eel face o alegere preferat\u0103 pentru multe ocazii. Fie c\u0103 mergi la o petrecere \u00een gr\u0103din\u0103 sau ai planificat un brunch pe plaj\u0103, este important s\u0103 ar\u0103\u021bi c\u00e2t mai bine, sim\u021bindu-te \u00een acela\u0219i timp confortabil. Acest ghid te va ajuta s\u0103 \u00een\u021belegi esen\u021ba \u0219icului de var\u0103 \u0219i cum s\u0103-l \u00eencorporezi \u00een garderoba ta. Inspir\u0103-te pentru a-\u021bi duce stilul personal la nivelul urm\u0103tor \u00een aceast\u0103 var\u0103. Hai s\u0103 descoperim ce poate face \u0219icul de var\u0103 pentru tine!<\/p>\n<h2>Ce este \u0219icul de var\u0103?<\/h2>\n<p><img decoding=\"async\" alt=\"Vijf vrouwen in zwemkleding poseren zonnig op het strand, omringd door parasols en een helderblauwe zee.\" src=\"https:\/\/vanbeek-recycel.nl\/wp-content\/uploads\/imagebaa775d1cccf419fa7ecdfe80cb2f804.png\"\/><\/p>\n<p>\u0218icul estival este o alegere vestimentar\u0103 nu doar la mod\u0103, ci \u0219i practic\u0103 \u00een lunile calde. Este un stil care invit\u0103 creativitatea cu \u021binute care pot fi at\u00e2t casual, c\u00e2t \u0219i sofisticate. Po\u021bi crea diferite look-uri cu el, de la o rochie maxi lejer\u0103 la o combina\u021bie elegant\u0103 de fust\u0103 \u0219i bluz\u0103. Accentul se pune pe alegerea unor haine care s\u0103-\u021bi pun\u0103 silueta \u00een valoare \u0219i s\u0103 ofere un sentiment de libertate. Mai presus de toate, \u0219icul estival \u00eenseamn\u0103 s\u0103 transmi\u021bi o atitudine relaxat\u0103 \u0219i s\u0103 \u00eembr\u0103\u021bi\u0219ezi vara.<\/p>\n<h2>Caracteristici ale codului vestimentar Summer Chic<\/h2>\n<p><img decoding=\"async\" alt=\"Een vrouw in een wit blouse en blauwe rok wandelt met een kop koffie door een levendige straat.\" src=\"https:\/\/vanbeek-recycel.nl\/wp-content\/uploads\/imagef9af02ecf9444184ab9ab0bc083c9550.png\"\/><\/p>\n<p>Codul vestimentar elegant de var\u0103 const\u0103 \u00eentr-o serie de caracteristici importante care \u00eempreun\u0103 creeaz\u0103 un aspect estival distinct. Aceste elemente nu numai c\u0103 faciliteaz\u0103 combinarea \u021binutelor, dar asigur\u0103 \u0219i versatilitate. Iat\u0103 c\u00e2teva caracteristici importante pe care ar trebui neap\u0103rat s\u0103 le iei \u00een considerare:<\/p>\n<ul>\n<li>Materiale u\u0219oare \u0219i respirabile<\/li>\n<li>Culori neutre \u0219i pastelate<\/li>\n<li>Pantofi elegan\u021bi, dar confortabili<\/li>\n<\/ul>\n<p>Atunci c\u00e2nd creezi o \u021binut\u0103 elegant\u0103 de var\u0103, este important s\u0103 alegi materiale care s\u0103 te men\u021bin\u0103 r\u0103coroas\u0103 \u0219i confortabil\u0103. Bumbacul, inul \u0219i m\u0103tasea sunt alegeri excelente, care nu sunt doar elegante, ci \u0219i func\u021bionale pe vreme cald\u0103. Se drapeaz\u0103 frumos, se simt bine pe piele \u0219i sunt respirabile, ceea ce le face ideale pentru o zi \u00eensorit\u0103.<\/p>\n<h2>Idei de \u021binute pentru var\u0103<\/h2>\n<p>C\u00e2nd vine vorba de stilul chic de var\u0103, iat\u0103 c\u00e2teva idei de \u021binute care te vor inspira s\u0103-\u021bi re\u00eemprosp\u0103tezi garderoba. Este important s\u0103 alegi piese versatile, u\u0219or de combinat \u0219i asortat. Iat\u0103 c\u00e2teva combina\u021bii de \u021binute care \u00eentruchipeaz\u0103 perfect esen\u021ba stilului chic de var\u0103:<\/p>\n<table border=\"1\">\n<tr>\n<th>Tip de \u021binut\u0103<\/th>\n<th>Descriere<\/th>\n<\/tr>\n<tr>\n<td>Rochie maxi<\/td>\n<td>O rochie vaporoas\u0103 \u0219i lejer\u0103, perfect\u0103 at\u00e2t pentru ocazii formale, c\u00e2t \u0219i informale.<\/td>\n<\/tr>\n<tr>\n<td>Fust\u0103 midi cu bluz\u0103<\/td>\n<td>O fust\u0103 elegant\u0103 combinat\u0103 cu un top vaporos pentru un look rafinat.<\/td>\n<\/tr>\n<tr>\n<td>Pantaloni scur\u021bi cu un top elegant<\/td>\n<td>Ideal\u0103 pentru un look casual, dar elegant, perfect\u0103 pentru brunch-uri.<\/td>\n<\/tr>\n<\/table>\n<p>Accesoriile sunt esen\u021biale pentru a completa look-ul t\u0103u elegant de var\u0103. G\u00e2nde\u0219te-te la o p\u0103l\u0103rie larg\u0103 de var\u0103 \u0219i o pereche de ochelari de soare supradimensiona\u021bi pentru a completa perfect \u021binuta ta. Aceste alegeri nu numai c\u0103 adaug\u0103 un plus de farmec look-ului t\u0103u, dar sunt \u0219i practice pentru a te proteja de soare. Ad\u0103ug\u00e2nd sandale elegante sau pantofi comozi, te asiguri c\u0103 picioarele tale se simt bine toat\u0103 ziua.<\/p>\n<h2>\u00cenc\u0103l\u021b\u0103minte pentru o var\u0103 elegant\u0103<\/h2>\n<p>Alegerea \u00eenc\u0103l\u021b\u0103mintei potrivite este crucial\u0103 pentru crearea unei \u021binute elegante de iarn\u0103, coerente. Exist\u0103 mai multe op\u021biuni care se potrivesc acestui stil \u0219i este important s\u0103 selecta\u021bi pantofi care sunt at\u00e2t confortabili, c\u00e2t \u0219i elegan\u021bi. Lua\u021bi \u00een considerare urm\u0103toarele op\u021biuni atunci c\u00e2nd v\u0103 completa\u021bi \u021binuta:<\/p>\n<ul>\n<li>Sandale elegante cu toc<\/li>\n<li>Papuci la mod\u0103 pentru un look casual<\/li>\n<li>Espadrile confortabile pentru un plus de stil<\/li>\n<\/ul>\n<h2>Coafuri \u0219i machiaj<\/h2>\n<p>\u0218icul estival nu \u00eenseamn\u0103 doar ceea ce por\u021bi, ci \u0219i cum te prezin\u021bi. P\u0103rul \u0219i machiajul pot face o diferen\u021b\u0103 enorm\u0103. Opteaz\u0103 pentru un look proasp\u0103t \u0219i natural, care s\u0103-\u021bi pun\u0103 \u00een valoare simplitatea \u0219i elegan\u021ba. Opteaz\u0103 pentru un p\u0103r lejer \u0219i onduleuri moi, u\u0219or de aplicat \u0219i \u00eengrijit. \u00cen ceea ce prive\u0219te machiajul, mai pu\u021bin \u00eenseamn\u0103 mai mult; pu\u021bin bronz \u0219i balsam de buze pot fi de mare ajutor.<\/p>\n<h2>Concluzie<\/h2>\n<p>\u0218icul de var\u0103 este un cod vestimentar versatil \u0219i elegant, perfect pentru lunile calde ale anului. Aleg\u00e2nd \u021bes\u0103turi u\u0219oare, culori neutre \u0219i accesoriile potrivite, po\u021bi crea un look elegant \u0219i confortabil care \u00ee\u021bi va spori \u00eencrederea \u00een sine. Experimenteaz\u0103 cu diferite stiluri \u0219i folose\u0219te sfaturile din acest ghid pentru a-\u021bi duce \u021binutele de var\u0103 la nivelul urm\u0103tor. Nu uita c\u0103 cel mai important aspect este s\u0103 te sim\u021bi confortabil \u00een ceea ce por\u021bi. Bucur\u0103-te de var\u0103 cu stil!<\/p>\n<h2>\u00centreb\u0103ri frecvente<\/h2>\n<ul>\n<li><strong>Care sunt cele mai bune \u021bes\u0103turi pentru un stil de var\u0103 \u0219ic?<\/strong> Materialele u\u0219oare precum bumbacul, inul \u0219i m\u0103tasea sunt ideale pentru un stil de var\u0103 elegant.<\/li>\n<li><strong>Ce culori sunt caracteristice stilului chic de var\u0103?<\/strong> Culori neutre \u0219i pastelate, precum \u0219i imprimeuri florale \u0219i botanice.<\/li>\n<li><strong>Cum \u00eemi pot completa \u021binuta elegant\u0103 de var\u0103?<\/strong> Cu accesorii precum p\u0103l\u0103rii, ochelari de soare \u0219i sandale elegante.<\/li>\n<li><strong>Este \u0219icul de var\u0103 potrivit pentru ocazii formale?<\/strong> Da, cu alegerea potrivit\u0103 a hainelor \u0219i accesoriilor, \u0219icul estival poate fi purtat \u0219i pentru ocazii formale.<\/li>\n<li><strong>Care sunt op\u021biunile bune de \u00eenc\u0103l\u021b\u0103minte pentru acest stil?<\/strong> Sandalele elegante \u0219i \u0219lapii la mod\u0103 sunt alegeri excelente pentru un stil de var\u0103 \u0219ic.<\/li>\n<\/ul>","protected":false},"excerpt":{"rendered":"<p>\u0218icul estival este un stil care combin\u0103 ce e mai bun din ambele lumi: elegan\u021b\u0103 \u0219i confort, perfect pentru acele momente de var\u0103 c\u00e2nd vrei s\u0103 str\u0103luce\u0219ti f\u0103r\u0103...<\/p>","protected":false},"author":1,"featured_media":284,"comment_status":"closed","ping_status":"closed","sticky":false,"template":"","format":"standard","meta":{"_acf_changed":false,"footnotes":""},"categories":[1],"tags":[],"class_list":["post-319","post","type-post","status-publish","format-standard","has-post-thumbnail","hentry","category-bloggen"],"acf":[],"yoast_head":"<!-- This site is optimized with the Yoast SEO plugin v23.2 - https:\/\/yoast.com\/wordpress\/plugins\/seo\/ -->\n<title>Ontdek de Perfecte Summer Chic Dresscode: Stijlvolle Outfitidee\u00ebn en Tips<\/title>\n<meta name=\"description\" content=\"Leer hoe je de dresscode Summer Chic perfect kunt dragen met stijlvolle outfits, accessoires en beauty tips voor een zorgeloze zomerse look.\" \/>\n<meta name=\"robots\" content=\"index, follow, max-snippet:-1, max-image-preview:large, max-video-preview:-1\" \/>\n<link rel=\"canonical\" href=\"https:\/\/vanbeek-recycel.nl\/ro\/zo-draag-je-de-dresscode-summer-chic\/\" \/>\n<meta property=\"og:locale\" content=\"ro_RO\" \/>\n<meta property=\"og:type\" content=\"article\" \/>\n<meta property=\"og:title\" content=\"Ontdek de Perfecte Summer Chic Dresscode: Stijlvolle Outfitidee\u00ebn en Tips\" \/>\n<meta property=\"og:description\" content=\"Leer hoe je de dresscode Summer Chic perfect kunt dragen met stijlvolle outfits, accessoires en beauty tips voor een zorgeloze zomerse look.\" \/>\n<meta property=\"og:url\" content=\"https:\/\/vanbeek-recycel.nl\/ro\/zo-draag-je-de-dresscode-summer-chic\/\" \/>\n<meta property=\"og:site_name\" content=\"vanbeek-recycel.nl\" \/>\n<meta property=\"article:published_time\" content=\"2025-06-27T23:00:00+00:00\" \/>\n<meta property=\"og:image\" content=\"https:\/\/vanbeek-recycel.nl\/wp-content\/uploads\/image519013cedeb64ca8ac1b627999181ff8.png\" \/>\n\t<meta property=\"og:image:width\" content=\"1024\" \/>\n\t<meta property=\"og:image:height\" content=\"768\" \/>\n\t<meta property=\"og:image:type\" content=\"image\/png\" \/>\n<meta name=\"author\" content=\"Axel Leclercq\" \/>\n<meta name=\"twitter:card\" content=\"summary_large_image\" \/>\n<meta name=\"twitter:label1\" content=\"Scris de\" \/>\n\t<meta name=\"twitter:data1\" content=\"Axel Leclercq\" \/>\n\t<meta name=\"twitter:label2\" content=\"Timp estimat pentru citire\" \/>\n\t<meta name=\"twitter:data2\" content=\"4 minute\" \/>\n<script type=\"application\/ld+json\" class=\"yoast-schema-graph\">{\"@context\":\"https:\/\/schema.org\",\"@graph\":[{\"@type\":\"WebPage\",\"@id\":\"https:\/\/vanbeek-recycel.nl\/zo-draag-je-de-dresscode-summer-chic\/\",\"url\":\"https:\/\/vanbeek-recycel.nl\/zo-draag-je-de-dresscode-summer-chic\/\",\"name\":\"Ontdek de Perfecte Summer Chic Dresscode: Stijlvolle Outfitidee\u00ebn en Tips\",\"isPartOf\":{\"@id\":\"https:\/\/vanbeek-recycel.nl\/#website\"},\"primaryImageOfPage\":{\"@id\":\"https:\/\/vanbeek-recycel.nl\/zo-draag-je-de-dresscode-summer-chic\/#primaryimage\"},\"image\":{\"@id\":\"https:\/\/vanbeek-recycel.nl\/zo-draag-je-de-dresscode-summer-chic\/#primaryimage\"},\"thumbnailUrl\":\"https:\/\/vanbeek-recycel.nl\/wp-content\/uploads\/image519013cedeb64ca8ac1b627999181ff8.png\",\"datePublished\":\"2025-06-27T23:00:00+00:00\",\"dateModified\":\"2025-06-27T23:00:00+00:00\",\"author\":{\"@id\":\"https:\/\/vanbeek-recycel.nl\/#\/schema\/person\/f254f6153451f4947b1d0db720fdcfb9\"},\"description\":\"Leer hoe je de dresscode Summer Chic perfect kunt dragen met stijlvolle outfits, accessoires en beauty tips voor een zorgeloze zomerse look.\",\"breadcrumb\":{\"@id\":\"https:\/\/vanbeek-recycel.nl\/zo-draag-je-de-dresscode-summer-chic\/#breadcrumb\"},\"inLanguage\":\"ro-RO\",\"potentialAction\":[{\"@type\":\"ReadAction\",\"target\":[\"https:\/\/vanbeek-recycel.nl\/zo-draag-je-de-dresscode-summer-chic\/\"]}]},{\"@type\":\"ImageObject\",\"inLanguage\":\"ro-RO\",\"@id\":\"https:\/\/vanbeek-recycel.nl\/zo-draag-je-de-dresscode-summer-chic\/#primaryimage\",\"url\":\"https:\/\/vanbeek-recycel.nl\/wp-content\/uploads\/image519013cedeb64ca8ac1b627999181ff8.png\",\"contentUrl\":\"https:\/\/vanbeek-recycel.nl\/wp-content\/uploads\/image519013cedeb64ca8ac1b627999181ff8.png\",\"width\":1024,\"height\":768},{\"@type\":\"BreadcrumbList\",\"@id\":\"https:\/\/vanbeek-recycel.nl\/zo-draag-je-de-dresscode-summer-chic\/#breadcrumb\",\"itemListElement\":[{\"@type\":\"ListItem\",\"position\":1,\"name\":\"Home\",\"item\":\"https:\/\/vanbeek-recycel.nl\/\"},{\"@type\":\"ListItem\",\"position\":2,\"name\":\"Zo draag je de dresscode Summer Chic\"}]},{\"@type\":\"WebSite\",\"@id\":\"https:\/\/vanbeek-recycel.nl\/#website\",\"url\":\"https:\/\/vanbeek-recycel.nl\/\",\"name\":\"vanbeek-recycel.nl\",\"description\":\"Tips voor jouw perfecte look en stijl\",\"potentialAction\":[{\"@type\":\"SearchAction\",\"target\":{\"@type\":\"EntryPoint\",\"urlTemplate\":\"https:\/\/vanbeek-recycel.nl\/?s={search_term_string}\"},\"query-input\":\"required name=search_term_string\"}],\"inLanguage\":\"ro-RO\"},{\"@type\":\"Person\",\"@id\":\"https:\/\/vanbeek-recycel.nl\/#\/schema\/person\/f254f6153451f4947b1d0db720fdcfb9\",\"name\":\"Axel Leclercq\",\"image\":{\"@type\":\"ImageObject\",\"inLanguage\":\"ro-RO\",\"@id\":\"https:\/\/vanbeek-recycel.nl\/#\/schema\/person\/image\/\",\"url\":\"https:\/\/vanbeek-recycel.nl\/wp-content\/uploads\/axel-leclercq_avatar-96x96.jpg\",\"contentUrl\":\"https:\/\/vanbeek-recycel.nl\/wp-content\/uploads\/axel-leclercq_avatar-96x96.jpg\",\"caption\":\"Axel Leclercq\"},\"description\":\"Axel Leclercq is een mode-expert met meer dan tien jaar ervaring in de mode-industrie. Na zijn studie modecommunicatie werkte hij als stylist en redacteur voor toonaangevende modetijdschriften. Tegenwoordig deelt hij zijn passie en kennis via blogs, workshops en stijladvies.\",\"url\":\"https:\/\/vanbeek-recycel.nl\/ro\/author\/axel-leclercq\/\"}]}<\/script>\n<!-- \/ Yoast SEO plugin. -->","yoast_head_json":{"title":"Ontdek de Perfecte Summer Chic Dresscode: Stijlvolle Outfitidee\u00ebn en Tips","description":"Leer hoe je de dresscode Summer Chic perfect kunt dragen met stijlvolle outfits, accessoires en beauty tips voor een zorgeloze zomerse look.","robots":{"index":"index","follow":"follow","max-snippet":"max-snippet:-1","max-image-preview":"max-image-preview:large","max-video-preview":"max-video-preview:-1"},"canonical":"https:\/\/vanbeek-recycel.nl\/ro\/zo-draag-je-de-dresscode-summer-chic\/","og_locale":"ro_RO","og_type":"article","og_title":"Ontdek de Perfecte Summer Chic Dresscode: Stijlvolle Outfitidee\u00ebn en Tips","og_description":"Leer hoe je de dresscode Summer Chic perfect kunt dragen met stijlvolle outfits, accessoires en beauty tips voor een zorgeloze zomerse look.","og_url":"https:\/\/vanbeek-recycel.nl\/ro\/zo-draag-je-de-dresscode-summer-chic\/","og_site_name":"vanbeek-recycel.nl","article_published_time":"2025-06-27T23:00:00+00:00","og_image":[{"width":1024,"height":768,"url":"https:\/\/vanbeek-recycel.nl\/wp-content\/uploads\/image519013cedeb64ca8ac1b627999181ff8.png","type":"image\/png"}],"author":"Axel Leclercq","twitter_card":"summary_large_image","twitter_misc":{"Scris de":"Axel Leclercq","Timp estimat pentru citire":"4 minute"},"schema":{"@context":"https:\/\/schema.org","@graph":[{"@type":"WebPage","@id":"https:\/\/vanbeek-recycel.nl\/zo-draag-je-de-dresscode-summer-chic\/","url":"https:\/\/vanbeek-recycel.nl\/zo-draag-je-de-dresscode-summer-chic\/","name":"Ontdek de Perfecte Summer Chic Dresscode: Stijlvolle Outfitidee\u00ebn en Tips","isPartOf":{"@id":"https:\/\/vanbeek-recycel.nl\/#website"},"primaryImageOfPage":{"@id":"https:\/\/vanbeek-recycel.nl\/zo-draag-je-de-dresscode-summer-chic\/#primaryimage"},"image":{"@id":"https:\/\/vanbeek-recycel.nl\/zo-draag-je-de-dresscode-summer-chic\/#primaryimage"},"thumbnailUrl":"https:\/\/vanbeek-recycel.nl\/wp-content\/uploads\/image519013cedeb64ca8ac1b627999181ff8.png","datePublished":"2025-06-27T23:00:00+00:00","dateModified":"2025-06-27T23:00:00+00:00","author":{"@id":"https:\/\/vanbeek-recycel.nl\/#\/schema\/person\/f254f6153451f4947b1d0db720fdcfb9"},"description":"Leer hoe je de dresscode Summer Chic perfect kunt dragen met stijlvolle outfits, accessoires en beauty tips voor een zorgeloze zomerse look.","breadcrumb":{"@id":"https:\/\/vanbeek-recycel.nl\/zo-draag-je-de-dresscode-summer-chic\/#breadcrumb"},"inLanguage":"ro-RO","potentialAction":[{"@type":"ReadAction","target":["https:\/\/vanbeek-recycel.nl\/zo-draag-je-de-dresscode-summer-chic\/"]}]},{"@type":"ImageObject","inLanguage":"ro-RO","@id":"https:\/\/vanbeek-recycel.nl\/zo-draag-je-de-dresscode-summer-chic\/#primaryimage","url":"https:\/\/vanbeek-recycel.nl\/wp-content\/uploads\/image519013cedeb64ca8ac1b627999181ff8.png","contentUrl":"https:\/\/vanbeek-recycel.nl\/wp-content\/uploads\/image519013cedeb64ca8ac1b627999181ff8.png","width":1024,"height":768},{"@type":"BreadcrumbList","@id":"https:\/\/vanbeek-recycel.nl\/zo-draag-je-de-dresscode-summer-chic\/#breadcrumb","itemListElement":[{"@type":"ListItem","position":1,"name":"Home","item":"https:\/\/vanbeek-recycel.nl\/"},{"@type":"ListItem","position":2,"name":"Zo draag je de dresscode Summer Chic"}]},{"@type":"WebSite","@id":"https:\/\/vanbeek-recycel.nl\/#website","url":"https:\/\/vanbeek-recycel.nl\/","name":"vanbeek-recycel.nl","description":"Tips voor jouw perfecte look en stijl","potentialAction":[{"@type":"SearchAction","target":{"@type":"EntryPoint","urlTemplate":"https:\/\/vanbeek-recycel.nl\/?s={search_term_string}"},"query-input":"required name=search_term_string"}],"inLanguage":"ro-RO"},{"@type":"Person","@id":"https:\/\/vanbeek-recycel.nl\/#\/schema\/person\/f254f6153451f4947b1d0db720fdcfb9","name":"Axel Leclercq","image":{"@type":"ImageObject","inLanguage":"ro-RO","@id":"https:\/\/vanbeek-recycel.nl\/#\/schema\/person\/image\/","url":"https:\/\/vanbeek-recycel.nl\/wp-content\/uploads\/axel-leclercq_avatar-96x96.jpg","contentUrl":"https:\/\/vanbeek-recycel.nl\/wp-content\/uploads\/axel-leclercq_avatar-96x96.jpg","caption":"Axel Leclercq"},"description":"Axel Leclercq is een mode-expert met meer dan tien jaar ervaring in de mode-industrie. Na zijn studie modecommunicatie werkte hij als stylist en redacteur voor toonaangevende modetijdschriften. Tegenwoordig deelt hij zijn passie en kennis via blogs, workshops en stijladvies.","url":"https:\/\/vanbeek-recycel.nl\/ro\/author\/axel-leclercq\/"}]}},"yoast_meta":{"yoast_wpseo_title":"","yoast_wpseo_metadesc":"","yoast_wpseo_canonical":"https:\/\/vanbeek-recycel.nl\/ro\/wp-json\/wp\/v2\/posts\/319"},"_links":{"self":[{"href":"https:\/\/vanbeek-recycel.nl\/ro\/wp-json\/wp\/v2\/posts\/319","targetHints":{"allow":["GET"]}}],"collection":[{"href":"https:\/\/vanbeek-recycel.nl\/ro\/wp-json\/wp\/v2\/posts"}],"about":[{"href":"https:\/\/vanbeek-recycel.nl\/ro\/wp-json\/wp\/v2\/types\/post"}],"author":[{"embeddable":true,"href":"https:\/\/vanbeek-recycel.nl\/ro\/wp-json\/wp\/v2\/users\/1"}],"replies":[{"embeddable":true,"href":"https:\/\/vanbeek-recycel.nl\/ro\/wp-json\/wp\/v2\/comments?post=319"}],"version-history":[{"count":1,"href":"https:\/\/vanbeek-recycel.nl\/ro\/wp-json\/wp\/v2\/posts\/319\/revisions"}],"predecessor-version":[{"id":331,"href":"https:\/\/vanbeek-recycel.nl\/ro\/wp-json\/wp\/v2\/posts\/319\/revisions\/331"}],"wp:featuredmedia":[{"embeddable":true,"href":"https:\/\/vanbeek-recycel.nl\/ro\/wp-json\/wp\/v2\/media\/284"}],"wp:attachment":[{"href":"https:\/\/vanbeek-recycel.nl\/ro\/wp-json\/wp\/v2\/media?parent=319"}],"wp:term":[{"taxonomy":"category","embeddable":true,"href":"https:\/\/vanbeek-recycel.nl\/ro\/wp-json\/wp\/v2\/categories?post=319"},{"taxonomy":"post_tag","embeddable":true,"href":"https:\/\/vanbeek-recycel.nl\/ro\/wp-json\/wp\/v2\/tags?post=319"}],"curies":[{"name":"wp","href":"https:\/\/api.w.org\/{rel}","templated":true}]}}