{"id":320,"date":"2025-06-27T00:00:00","date_gmt":"2025-06-26T23:00:00","guid":{"rendered":"https:\/\/vanbeek-recycel.nl\/?p=320"},"modified":"2025-06-27T00:00:00","modified_gmt":"2025-06-26T23:00:00","slug":"5-outfits-voor-een-stijlvolle-zomer","status":"publish","type":"post","link":"https:\/\/vanbeek-recycel.nl\/ro\/5-outfits-voor-een-stijlvolle-zomer\/","title":{"rendered":"5 \u021binute pentru o var\u0103 elegant\u0103"},"content":{"rendered":"<div class=\"kk-star-ratings kksr-auto kksr-align-left kksr-valign-top\"\n    data-payload='{&quot;align&quot;:&quot;left&quot;,&quot;id&quot;:&quot;320&quot;,&quot;slug&quot;:&quot;default&quot;,&quot;valign&quot;:&quot;top&quot;,&quot;ignore&quot;:&quot;&quot;,&quot;reference&quot;:&quot;auto&quot;,&quot;class&quot;:&quot;&quot;,&quot;count&quot;:&quot;0&quot;,&quot;legendonly&quot;:&quot;&quot;,&quot;readonly&quot;:&quot;&quot;,&quot;score&quot;:&quot;0&quot;,&quot;starsonly&quot;:&quot;&quot;,&quot;best&quot;:&quot;5&quot;,&quot;gap&quot;:&quot;5&quot;,&quot;greet&quot;:&quot;Rate this post&quot;,&quot;legend&quot;:&quot;0\\\/5 - (0 votes)&quot;,&quot;size&quot;:&quot;24&quot;,&quot;title&quot;:&quot;5 Outfits voor een Stijlvolle Zomer&quot;,&quot;width&quot;:&quot;0&quot;,&quot;_legend&quot;:&quot;{score}\\\/{best} - ({count} {votes})&quot;,&quot;font_factor&quot;:&quot;1.25&quot;}'>\n            \n<div class=\"kksr-stars\">\n    \n<div class=\"kksr-stars-inactive\">\n            <div class=\"kksr-star\" data-star=\"1\" style=\"padding-right: 5px\">\n            \n\n<div class=\"kksr-icon\" style=\"width: 24px; height: 24px;\"><\/div>\n        <\/div>\n            <div class=\"kksr-star\" data-star=\"2\" style=\"padding-right: 5px\">\n            \n\n<div class=\"kksr-icon\" style=\"width: 24px; height: 24px;\"><\/div>\n        <\/div>\n            <div class=\"kksr-star\" data-star=\"3\" style=\"padding-right: 5px\">\n            \n\n<div class=\"kksr-icon\" style=\"width: 24px; height: 24px;\"><\/div>\n        <\/div>\n            <div class=\"kksr-star\" data-star=\"4\" style=\"padding-right: 5px\">\n            \n\n<div class=\"kksr-icon\" style=\"width: 24px; height: 24px;\"><\/div>\n        <\/div>\n            <div class=\"kksr-star\" data-star=\"5\" style=\"padding-right: 5px\">\n            \n\n<div class=\"kksr-icon\" style=\"width: 24px; height: 24px;\"><\/div>\n        <\/div>\n    <\/div>\n    \n<div class=\"kksr-stars-active\" style=\"width: 0px;\">\n            <div class=\"kksr-star\" style=\"padding-right: 5px\">\n            \n\n<div class=\"kksr-icon\" style=\"width: 24px; height: 24px;\"><\/div>\n        <\/div>\n            <div class=\"kksr-star\" style=\"padding-right: 5px\">\n            \n\n<div class=\"kksr-icon\" style=\"width: 24px; height: 24px;\"><\/div>\n        <\/div>\n            <div class=\"kksr-star\" style=\"padding-right: 5px\">\n            \n\n<div class=\"kksr-icon\" style=\"width: 24px; height: 24px;\"><\/div>\n        <\/div>\n            <div class=\"kksr-star\" style=\"padding-right: 5px\">\n            \n\n<div class=\"kksr-icon\" style=\"width: 24px; height: 24px;\"><\/div>\n        <\/div>\n            <div class=\"kksr-star\" style=\"padding-right: 5px\">\n            \n\n<div class=\"kksr-icon\" style=\"width: 24px; height: 24px;\"><\/div>\n        <\/div>\n    <\/div>\n<\/div>\n                \n\n<div class=\"kksr-legend\" style=\"font-size: 19.2px;\">\n            <span class=\"kksr-muted\">Evalueaz\u0103 aceast\u0103 postare<\/span>\n    <\/div>\n    <\/div>\n<p>Vara nu este doar un anotimp al soarelui \u0219i al zilelor frumoase, ci \u0219i o oportunitate excelent\u0103 de a-\u021bi l\u0103sa stilul personal s\u0103 str\u0103luceasc\u0103. Anul acesta, vara este plin\u0103 de nenum\u0103rate tendin\u021be \u00een mod\u0103 care nu sunt doar elegante, ci \u0219i confortabile. De la vibra\u021bii boeme la look-uri minimaliste elegante, op\u021biunile sunt nelimitate. \u021ainuta potrivit\u0103 nu numai c\u0103 te poate face s\u0103 te sim\u021bi \u00eencrez\u0103toare, dar te poate \u0219i asigura c\u0103 vei atrage toate privirile la orice ocazie. Acum c\u0103 te po\u021bi preg\u0103ti pentru zile lungi \u0219i nop\u021bi c\u0103lduroase, este timpul s\u0103-\u021bi re\u00eemprosp\u0103tezi garderoba cu \u021binute perfecte pentru var\u0103. A\u0219adar, hai s\u0103 descoperim cinci \u021binute elegante care te vor face m\u00e2ndr\u0103!<\/p>\n<p>Persoanele pasionate de mod\u0103 \u0219tiu c\u0103 alegerea corect\u0103 este crucial\u0103 atunci c\u00e2nd vine vorba de \u021binute care sunt at\u00e2t la mod\u0103, c\u00e2t \u0219i practice. Acest articol ofer\u0103 sugestii \u0219i perspective excelente asupra \u021binutelor care se vor potrivi diferitelor ocazii, de la ie\u0219iri casual la seri elegante. &lt;&lt;&gt;&gt; Cei care sunt dispu\u0219i s\u0103 experimenteze cu stiluri, culori \u0219i stiluri vor descoperi c\u0103 moda este o modalitate puternic\u0103 de a-\u0219i ar\u0103ta individualitatea \u0219i exprimarea de sine. A\u0219adar, iat\u0103-ne!<\/p>\n<h2>\u021ainut\u0103 1: \u0218ic boem<\/h2>\n<p><img decoding=\"async\" alt=\"Een man zonder hoofd in een straat met graffiti, gekleed in een bruin T-shirt en denim shorts.\" src=\"https:\/\/vanbeek-recycel.nl\/wp-content\/uploads\/imaged4311708ad8548f19005c6549a6c51a0.png\"\/><\/p>\n<p>Stilul boem, caracterizat printr-un amestec de confort \u0219i libertate, este o alegere popular\u0103 vara. Utilizarea materialelor vaporoase, a culorilor str\u0103lucitoare \u0219i a accesoriilor izbitoare face ca acest look s\u0103 fie perfect pentru o zi relaxat\u0103 de var\u0103. O rochie maxi sau pantaloni largi pot fi baza acestei \u021binute. \u00cen plus, p\u0103l\u0103riile \u0219i bijuteriile statement sunt ideale pentru a completa \u021binuta.<\/p>\n<p>Caracteristicile stilului boem \u0219ic variaz\u0103 foarte mult, iar iat\u0103 c\u00e2teva elemente cheie de care trebuie s\u0103 \u021bine\u021bi cont:<\/p>\n<ul>\n<li><strong>Culori deschise:<\/strong> G\u00e2nde\u0219te-te la tonuri pastelate sau p\u0103m\u00e2ntii, perfecte pentru o zi \u00eensorit\u0103.<\/li>\n<li><strong>Croial\u0103 lejer\u0103:<\/strong> Opteaz\u0103 pentru rochii maxi confortabile sau pantaloni largi care se mi\u0219c\u0103 liber.<\/li>\n<li><strong>Accesorii:<\/strong> O p\u0103l\u0103rie mare \u0219i bijuterii statement \u00ee\u021bi pot completa \u021binuta.<\/li>\n<\/ul>\n<h2>\u021ainut\u0103 2: \u00cembr\u0103c\u0103minte casual str\u00e2mt\u0103<\/h2>\n<p><img decoding=\"async\" alt=\"Een jonge vrouw in een zwarte jurk poseert in een moderne buitenruimte vol planten en meubels.\" src=\"https:\/\/vanbeek-recycel.nl\/wp-content\/uploads\/image2deee0b4b4354e2997ddd60962b32bc5.png\"\/><\/p>\n<p>Pentru o ie\u0219ire casual, stilul casual elegant este o alegere ideal\u0103. Ofer\u0103 o combina\u021bie de confort \u0219i simplitate, perfect pentru o zi \u00een ora\u0219 sau o \u00eent\u00e2lnire casual cu prietenii. Un tricou simplu \u00een culori neutre poate fi purtat cu pantaloni scur\u021bi din materiale respirabile, cum ar fi denimul sau inul. Teni\u0219ii sunt cea mai bun\u0103 alegere de \u00eenc\u0103l\u021b\u0103minte pentru a completa acest look.<\/p>\n<table border=\"1\">\n<tr>\n<th>Element<\/th>\n<th>Exemplu<\/th>\n<\/tr>\n<tr>\n<td>Tricou simplu<\/td>\n<td>Culori neutre precum albul, negrul sau griul<\/td>\n<\/tr>\n<tr>\n<td>Pantaloni scur\u0163i<\/td>\n<td>Denim sau in pentru respirabilitate sporit\u0103<\/td>\n<\/tr>\n<tr>\n<td>Adida\u0219i<\/td>\n<td>Confortabil \u0219i la mod\u0103<\/td>\n<\/tr>\n<\/table>\n<h2>\u021ainuta 3: Linii curate \u0219i minimalism<\/h2>\n<p>Minimalismul este un stil care ofer\u0103 o elegan\u021b\u0103 atemporal\u0103. Cu linii simple \u0219i curate \u0219i o concentrare pe materiale de calitate, acest stil va fi mereu la mod\u0103. Combina\u021bia de alb \u0219i negru este o component\u0103 cheie care face ca aceast\u0103 \u021binut\u0103 s\u0103 fie excelent\u0103 at\u00e2t pentru ocazii de zi, c\u00e2t \u0219i pentru sear\u0103. O rochie elegant\u0103 poate fi alegerea perfect\u0103 pentru o ie\u0219ire \u00een ora\u0219, \u00een timp ce accesoriile minimaliste completeaz\u0103 aspectul f\u0103r\u0103 a fi supra\u00eenc\u0103rcate vizual.<\/p>\n<p>\u021ainutele minimaliste implic\u0103 \u0219i o serie de piese obligatorii:<\/p>\n<ul>\n<li><strong>Combina\u021bii alb-negru:<\/strong> Atemporal \u0219i elegant, potrivit pentru orice ocazie.<\/li>\n<li><strong>Rochii str\u00e2mte:<\/strong> Potrivit at\u00e2t pentru evenimente casual, c\u00e2t \u0219i formale.<\/li>\n<li><strong>Simplitate \u00een accesorii:<\/strong> Bijuteriile mici \u0219i delicate creeaz\u0103 un aspect rafinat.<\/li>\n<\/ul>\n<h2>\u021ainuta 4: Sportiv\u0103 \u0219i la mod\u0103<\/h2>\n<p>\u021ainutele sport nu se mai limiteaz\u0103 la sal\u0103; acum sunt la mod\u0103 \u0219i multifunc\u021bionale. Combinarea \u021binutelor sport cu \u021binute casual este o modalitate inteligent\u0103 de a r\u0103m\u00e2ne elegant \u0219i confortabil. G\u00e2nde\u0219te-te la topuri \u0219i colan\u021bi sport care sunt func\u021bionali, dar ideali \u0219i pentru o ie\u0219ire casual. Teni\u0219ii casual fac acest look perfect pentru o zi relaxant\u0103 la soare.<\/p>\n<p>Elementele cheie ale \u021binutelor sport includ:<\/p>\n<ul>\n<li><strong>\u00cembr\u0103c\u0103minte sport:<\/strong> Topurile \u0219i colan\u021bii sport sunt func\u021bionali \u0219i versatile.<\/li>\n<li><strong>Teni\u0219i casual:<\/strong> Acestea ofer\u0103 un aspect modern \u0219i confortabil.<\/li>\n<li><strong>Geac\u0103 de v\u00e2nt sau hanorac:<\/strong> Perfect pentru serile mai r\u0103coroase de var\u0103, oferind stil \u0219i func\u021bionalitate.<\/li>\n<\/ul>\n<h2>\u021ainuta 5: Clasic\u0103 \u0219i atemporal\u0103<\/h2>\n<p>O \u021binut\u0103 clasic\u0103 este \u00eentotdeauna o alegere sigur\u0103, mai ales \u00een timpul verii. Rochiile scurte \u00een linie A sunt o baz\u0103 elegant\u0103, \u00een timp ce un sacou peste umeri ofer\u0103 un aspect \u0219ic. Pantofii cu toc sau sandalele sunt alegerea ideal\u0103 pentru picioare \u0219i adaug\u0103 un plus de stil. Frumuse\u021bea unei \u021binute clasice const\u0103 \u00een versatilitatea sa; o po\u021bi adapta cu u\u0219urin\u021b\u0103 oric\u0103rei situa\u021bii.<\/p>\n<p>Printre articolele vestimentare atemporale pentru acest stil se num\u0103r\u0103:<\/p>\n<ul>\n<li><strong>Rochie scurt\u0103:<\/strong> O rochie \u00een linie A \u00eentr-o culoare clasic\u0103, cum ar fi bleumarin sau ro\u0219u.<\/li>\n<li><strong>Suflant\u0103:<\/strong> Ideal pentru o not\u0103 formal\u0103 \u00een orice moment al zilei.<\/li>\n<li><strong>Pantofi cu toc sau sandale:<\/strong> Pantofi elegan\u021bi pentru a completa \u021binuta.<\/li>\n<\/ul>\n<h2>Concluzie<\/h2>\n<p>Cu aceste cinci \u021binute elegante, e\u0219ti bine preg\u0103tit\u0103 pentru var\u0103. De la stilul boem \u0219ic la minimalism, exist\u0103 c\u00e2te ceva pentru fiecare. Alegerea potrivit\u0103 a accesoriilor \u0219i a \u00eenc\u0103l\u021b\u0103mintei poate face sau desface \u021binuta ta. Nu uita c\u0103 moda nu \u00eenseamn\u0103 doar tendin\u021be; este vorba \u0219i despre a-\u021bi ar\u0103ta stilul personal. A\u0219a c\u0103 nu-\u021bi fie team\u0103 \u0219i \u00eendr\u0103zne\u0219te s\u0103 experimentezi. Bucur\u0103-te de soare \u0219i arat\u0103-\u021bi stilul!<\/p>\n<h2>\u00centreb\u0103ri frecvente<\/h2>\n<ul>\n<li><strong>Care sunt cele mai bune materiale pentru \u021binutele de var\u0103?<\/strong> Bumbacul, inul \u0219i jerseul sunt respirabile \u0219i confortabile pentru var\u0103. <\/li>\n<li><strong>Cum pot s\u0103-mi fac \u021binuta de var\u0103 elegant\u0103 cu accesorii?<\/strong> Opteaz\u0103 pentru bijuterii statement, p\u0103l\u0103rii funky sau o geant\u0103 dr\u0103gu\u021b\u0103 pentru a-\u021bi personaliza \u021binuta. <\/li>\n<li><strong>Exist\u0103 anumite culori pe care ar trebui s\u0103 le evit vara?<\/strong> Culorile negre \u0219i cele \u00eenchise pot absorbi c\u0103ldura; opta\u021bi \u00een schimb pentru culori deschise sau nuan\u021be pastelate. <\/li>\n<li><strong>Cum \u00eemi pot adapta \u021binuta pentru sear\u0103?<\/strong> Adaug\u0103 un blazer sau accesorii frumoase pentru un look \u0219ic. <\/li>\n<\/ul>","protected":false},"excerpt":{"rendered":"<p>Vara nu este doar un anotimp pentru soare \u0219i zile frumoase, ci \u0219i o oportunitate excelent\u0103 de a-\u021bi l\u0103sa stilul personal s\u0103 str\u0103luceasc\u0103. Aceasta<\/p>","protected":false},"author":1,"featured_media":287,"comment_status":"closed","ping_status":"closed","sticky":false,"template":"","format":"standard","meta":{"_acf_changed":false,"footnotes":""},"categories":[1],"tags":[],"class_list":["post-320","post","type-post","status-publish","format-standard","has-post-thumbnail","hentry","category-bloggen"],"acf":[],"yoast_head":"<!-- This site is optimized with the Yoast SEO plugin v23.2 - https:\/\/yoast.com\/wordpress\/plugins\/seo\/ -->\n<title>5 Stijlvolle Outfits voor een Onvergetelijke Zomer<\/title>\n<meta name=\"description\" content=\"Ontdek vijf trendy outfits voor deze zomer, van bohemian chic tot klassiek, en laat je stijl stralen! Perfect voor elke gelegenheid.\" \/>\n<meta name=\"robots\" content=\"index, follow, max-snippet:-1, max-image-preview:large, max-video-preview:-1\" \/>\n<link rel=\"canonical\" href=\"https:\/\/vanbeek-recycel.nl\/ro\/5-outfits-voor-een-stijlvolle-zomer\/\" \/>\n<meta property=\"og:locale\" content=\"ro_RO\" \/>\n<meta property=\"og:type\" content=\"article\" \/>\n<meta property=\"og:title\" content=\"5 Stijlvolle Outfits voor een Onvergetelijke Zomer\" \/>\n<meta property=\"og:description\" content=\"Ontdek vijf trendy outfits voor deze zomer, van bohemian chic tot klassiek, en laat je stijl stralen! Perfect voor elke gelegenheid.\" \/>\n<meta property=\"og:url\" content=\"https:\/\/vanbeek-recycel.nl\/ro\/5-outfits-voor-een-stijlvolle-zomer\/\" \/>\n<meta property=\"og:site_name\" content=\"vanbeek-recycel.nl\" \/>\n<meta property=\"article:published_time\" content=\"2025-06-26T23:00:00+00:00\" \/>\n<meta property=\"og:image\" content=\"https:\/\/vanbeek-recycel.nl\/wp-content\/uploads\/image5315d5c51ca14ccba4a9df757c7ed3af.png\" \/>\n\t<meta property=\"og:image:width\" content=\"1024\" \/>\n\t<meta property=\"og:image:height\" content=\"768\" \/>\n\t<meta property=\"og:image:type\" content=\"image\/png\" \/>\n<meta name=\"author\" content=\"Axel Leclercq\" \/>\n<meta name=\"twitter:card\" content=\"summary_large_image\" \/>\n<meta name=\"twitter:label1\" content=\"Scris de\" \/>\n\t<meta name=\"twitter:data1\" content=\"Axel Leclercq\" \/>\n\t<meta name=\"twitter:label2\" content=\"Timp estimat pentru citire\" \/>\n\t<meta name=\"twitter:data2\" content=\"4 minute\" \/>\n<script type=\"application\/ld+json\" class=\"yoast-schema-graph\">{\"@context\":\"https:\/\/schema.org\",\"@graph\":[{\"@type\":\"WebPage\",\"@id\":\"https:\/\/vanbeek-recycel.nl\/5-outfits-voor-een-stijlvolle-zomer\/\",\"url\":\"https:\/\/vanbeek-recycel.nl\/5-outfits-voor-een-stijlvolle-zomer\/\",\"name\":\"5 Stijlvolle Outfits voor een Onvergetelijke Zomer\",\"isPartOf\":{\"@id\":\"https:\/\/vanbeek-recycel.nl\/#website\"},\"primaryImageOfPage\":{\"@id\":\"https:\/\/vanbeek-recycel.nl\/5-outfits-voor-een-stijlvolle-zomer\/#primaryimage\"},\"image\":{\"@id\":\"https:\/\/vanbeek-recycel.nl\/5-outfits-voor-een-stijlvolle-zomer\/#primaryimage\"},\"thumbnailUrl\":\"https:\/\/vanbeek-recycel.nl\/wp-content\/uploads\/image5315d5c51ca14ccba4a9df757c7ed3af.png\",\"datePublished\":\"2025-06-26T23:00:00+00:00\",\"dateModified\":\"2025-06-26T23:00:00+00:00\",\"author\":{\"@id\":\"https:\/\/vanbeek-recycel.nl\/#\/schema\/person\/f254f6153451f4947b1d0db720fdcfb9\"},\"description\":\"Ontdek vijf trendy outfits voor deze zomer, van bohemian chic tot klassiek, en laat je stijl stralen! Perfect voor elke gelegenheid.\",\"breadcrumb\":{\"@id\":\"https:\/\/vanbeek-recycel.nl\/5-outfits-voor-een-stijlvolle-zomer\/#breadcrumb\"},\"inLanguage\":\"ro-RO\",\"potentialAction\":[{\"@type\":\"ReadAction\",\"target\":[\"https:\/\/vanbeek-recycel.nl\/5-outfits-voor-een-stijlvolle-zomer\/\"]}]},{\"@type\":\"ImageObject\",\"inLanguage\":\"ro-RO\",\"@id\":\"https:\/\/vanbeek-recycel.nl\/5-outfits-voor-een-stijlvolle-zomer\/#primaryimage\",\"url\":\"https:\/\/vanbeek-recycel.nl\/wp-content\/uploads\/image5315d5c51ca14ccba4a9df757c7ed3af.png\",\"contentUrl\":\"https:\/\/vanbeek-recycel.nl\/wp-content\/uploads\/image5315d5c51ca14ccba4a9df757c7ed3af.png\",\"width\":1024,\"height\":768},{\"@type\":\"BreadcrumbList\",\"@id\":\"https:\/\/vanbeek-recycel.nl\/5-outfits-voor-een-stijlvolle-zomer\/#breadcrumb\",\"itemListElement\":[{\"@type\":\"ListItem\",\"position\":1,\"name\":\"Home\",\"item\":\"https:\/\/vanbeek-recycel.nl\/\"},{\"@type\":\"ListItem\",\"position\":2,\"name\":\"5 Outfits voor een Stijlvolle Zomer\"}]},{\"@type\":\"WebSite\",\"@id\":\"https:\/\/vanbeek-recycel.nl\/#website\",\"url\":\"https:\/\/vanbeek-recycel.nl\/\",\"name\":\"vanbeek-recycel.nl\",\"description\":\"Tips voor jouw perfecte look en stijl\",\"potentialAction\":[{\"@type\":\"SearchAction\",\"target\":{\"@type\":\"EntryPoint\",\"urlTemplate\":\"https:\/\/vanbeek-recycel.nl\/?s={search_term_string}\"},\"query-input\":\"required name=search_term_string\"}],\"inLanguage\":\"ro-RO\"},{\"@type\":\"Person\",\"@id\":\"https:\/\/vanbeek-recycel.nl\/#\/schema\/person\/f254f6153451f4947b1d0db720fdcfb9\",\"name\":\"Axel Leclercq\",\"image\":{\"@type\":\"ImageObject\",\"inLanguage\":\"ro-RO\",\"@id\":\"https:\/\/vanbeek-recycel.nl\/#\/schema\/person\/image\/\",\"url\":\"https:\/\/vanbeek-recycel.nl\/wp-content\/uploads\/axel-leclercq_avatar-96x96.jpg\",\"contentUrl\":\"https:\/\/vanbeek-recycel.nl\/wp-content\/uploads\/axel-leclercq_avatar-96x96.jpg\",\"caption\":\"Axel Leclercq\"},\"description\":\"Axel Leclercq is een mode-expert met meer dan tien jaar ervaring in de mode-industrie. Na zijn studie modecommunicatie werkte hij als stylist en redacteur voor toonaangevende modetijdschriften. Tegenwoordig deelt hij zijn passie en kennis via blogs, workshops en stijladvies.\",\"url\":\"https:\/\/vanbeek-recycel.nl\/ro\/author\/axel-leclercq\/\"}]}<\/script>\n<!-- \/ Yoast SEO plugin. -->","yoast_head_json":{"title":"5 Stijlvolle Outfits voor een Onvergetelijke Zomer","description":"Ontdek vijf trendy outfits voor deze zomer, van bohemian chic tot klassiek, en laat je stijl stralen! Perfect voor elke gelegenheid.","robots":{"index":"index","follow":"follow","max-snippet":"max-snippet:-1","max-image-preview":"max-image-preview:large","max-video-preview":"max-video-preview:-1"},"canonical":"https:\/\/vanbeek-recycel.nl\/ro\/5-outfits-voor-een-stijlvolle-zomer\/","og_locale":"ro_RO","og_type":"article","og_title":"5 Stijlvolle Outfits voor een Onvergetelijke Zomer","og_description":"Ontdek vijf trendy outfits voor deze zomer, van bohemian chic tot klassiek, en laat je stijl stralen! Perfect voor elke gelegenheid.","og_url":"https:\/\/vanbeek-recycel.nl\/ro\/5-outfits-voor-een-stijlvolle-zomer\/","og_site_name":"vanbeek-recycel.nl","article_published_time":"2025-06-26T23:00:00+00:00","og_image":[{"width":1024,"height":768,"url":"https:\/\/vanbeek-recycel.nl\/wp-content\/uploads\/image5315d5c51ca14ccba4a9df757c7ed3af.png","type":"image\/png"}],"author":"Axel Leclercq","twitter_card":"summary_large_image","twitter_misc":{"Scris de":"Axel Leclercq","Timp estimat pentru citire":"4 minute"},"schema":{"@context":"https:\/\/schema.org","@graph":[{"@type":"WebPage","@id":"https:\/\/vanbeek-recycel.nl\/5-outfits-voor-een-stijlvolle-zomer\/","url":"https:\/\/vanbeek-recycel.nl\/5-outfits-voor-een-stijlvolle-zomer\/","name":"5 Stijlvolle Outfits voor een Onvergetelijke Zomer","isPartOf":{"@id":"https:\/\/vanbeek-recycel.nl\/#website"},"primaryImageOfPage":{"@id":"https:\/\/vanbeek-recycel.nl\/5-outfits-voor-een-stijlvolle-zomer\/#primaryimage"},"image":{"@id":"https:\/\/vanbeek-recycel.nl\/5-outfits-voor-een-stijlvolle-zomer\/#primaryimage"},"thumbnailUrl":"https:\/\/vanbeek-recycel.nl\/wp-content\/uploads\/image5315d5c51ca14ccba4a9df757c7ed3af.png","datePublished":"2025-06-26T23:00:00+00:00","dateModified":"2025-06-26T23:00:00+00:00","author":{"@id":"https:\/\/vanbeek-recycel.nl\/#\/schema\/person\/f254f6153451f4947b1d0db720fdcfb9"},"description":"Ontdek vijf trendy outfits voor deze zomer, van bohemian chic tot klassiek, en laat je stijl stralen! Perfect voor elke gelegenheid.","breadcrumb":{"@id":"https:\/\/vanbeek-recycel.nl\/5-outfits-voor-een-stijlvolle-zomer\/#breadcrumb"},"inLanguage":"ro-RO","potentialAction":[{"@type":"ReadAction","target":["https:\/\/vanbeek-recycel.nl\/5-outfits-voor-een-stijlvolle-zomer\/"]}]},{"@type":"ImageObject","inLanguage":"ro-RO","@id":"https:\/\/vanbeek-recycel.nl\/5-outfits-voor-een-stijlvolle-zomer\/#primaryimage","url":"https:\/\/vanbeek-recycel.nl\/wp-content\/uploads\/image5315d5c51ca14ccba4a9df757c7ed3af.png","contentUrl":"https:\/\/vanbeek-recycel.nl\/wp-content\/uploads\/image5315d5c51ca14ccba4a9df757c7ed3af.png","width":1024,"height":768},{"@type":"BreadcrumbList","@id":"https:\/\/vanbeek-recycel.nl\/5-outfits-voor-een-stijlvolle-zomer\/#breadcrumb","itemListElement":[{"@type":"ListItem","position":1,"name":"Home","item":"https:\/\/vanbeek-recycel.nl\/"},{"@type":"ListItem","position":2,"name":"5 Outfits voor een Stijlvolle Zomer"}]},{"@type":"WebSite","@id":"https:\/\/vanbeek-recycel.nl\/#website","url":"https:\/\/vanbeek-recycel.nl\/","name":"vanbeek-recycel.nl","description":"Tips voor jouw perfecte look en stijl","potentialAction":[{"@type":"SearchAction","target":{"@type":"EntryPoint","urlTemplate":"https:\/\/vanbeek-recycel.nl\/?s={search_term_string}"},"query-input":"required name=search_term_string"}],"inLanguage":"ro-RO"},{"@type":"Person","@id":"https:\/\/vanbeek-recycel.nl\/#\/schema\/person\/f254f6153451f4947b1d0db720fdcfb9","name":"Axel Leclercq","image":{"@type":"ImageObject","inLanguage":"ro-RO","@id":"https:\/\/vanbeek-recycel.nl\/#\/schema\/person\/image\/","url":"https:\/\/vanbeek-recycel.nl\/wp-content\/uploads\/axel-leclercq_avatar-96x96.jpg","contentUrl":"https:\/\/vanbeek-recycel.nl\/wp-content\/uploads\/axel-leclercq_avatar-96x96.jpg","caption":"Axel Leclercq"},"description":"Axel Leclercq is een mode-expert met meer dan tien jaar ervaring in de mode-industrie. Na zijn studie modecommunicatie werkte hij als stylist en redacteur voor toonaangevende modetijdschriften. Tegenwoordig deelt hij zijn passie en kennis via blogs, workshops en stijladvies.","url":"https:\/\/vanbeek-recycel.nl\/ro\/author\/axel-leclercq\/"}]}},"yoast_meta":{"yoast_wpseo_title":"","yoast_wpseo_metadesc":"","yoast_wpseo_canonical":"https:\/\/vanbeek-recycel.nl\/ro\/wp-json\/wp\/v2\/posts\/320"},"_links":{"self":[{"href":"https:\/\/vanbeek-recycel.nl\/ro\/wp-json\/wp\/v2\/posts\/320","targetHints":{"allow":["GET"]}}],"collection":[{"href":"https:\/\/vanbeek-recycel.nl\/ro\/wp-json\/wp\/v2\/posts"}],"about":[{"href":"https:\/\/vanbeek-recycel.nl\/ro\/wp-json\/wp\/v2\/types\/post"}],"author":[{"embeddable":true,"href":"https:\/\/vanbeek-recycel.nl\/ro\/wp-json\/wp\/v2\/users\/1"}],"replies":[{"embeddable":true,"href":"https:\/\/vanbeek-recycel.nl\/ro\/wp-json\/wp\/v2\/comments?post=320"}],"version-history":[{"count":1,"href":"https:\/\/vanbeek-recycel.nl\/ro\/wp-json\/wp\/v2\/posts\/320\/revisions"}],"predecessor-version":[{"id":330,"href":"https:\/\/vanbeek-recycel.nl\/ro\/wp-json\/wp\/v2\/posts\/320\/revisions\/330"}],"wp:featuredmedia":[{"embeddable":true,"href":"https:\/\/vanbeek-recycel.nl\/ro\/wp-json\/wp\/v2\/media\/287"}],"wp:attachment":[{"href":"https:\/\/vanbeek-recycel.nl\/ro\/wp-json\/wp\/v2\/media?parent=320"}],"wp:term":[{"taxonomy":"category","embeddable":true,"href":"https:\/\/vanbeek-recycel.nl\/ro\/wp-json\/wp\/v2\/categories?post=320"},{"taxonomy":"post_tag","embeddable":true,"href":"https:\/\/vanbeek-recycel.nl\/ro\/wp-json\/wp\/v2\/tags?post=320"}],"curies":[{"name":"wp","href":"https:\/\/api.w.org\/{rel}","templated":true}]}}