{"id":96,"date":"2025-02-25T00:00:00","date_gmt":"2025-02-25T00:00:00","guid":{"rendered":"https:\/\/vanbeek-recycel.nl\/?p=96"},"modified":"2025-04-02T13:55:16","modified_gmt":"2025-04-02T12:55:16","slug":"kleding-combinaties-voor-een-perfecte-eerste-date-in-de-herfst","status":"publish","type":"post","link":"https:\/\/vanbeek-recycel.nl\/ro\/kleding-combinaties-voor-een-perfecte-eerste-date-in-de-herfst\/","title":{"rendered":"Combina\u021bii vestimentare pentru o prim\u0103 \u00eent\u00e2lnire perfect\u0103 \u00een toamn\u0103"},"content":{"rendered":"<div class=\"kk-star-ratings kksr-auto kksr-align-left kksr-valign-top\"\n    data-payload='{&quot;align&quot;:&quot;left&quot;,&quot;id&quot;:&quot;96&quot;,&quot;slug&quot;:&quot;default&quot;,&quot;valign&quot;:&quot;top&quot;,&quot;ignore&quot;:&quot;&quot;,&quot;reference&quot;:&quot;auto&quot;,&quot;class&quot;:&quot;&quot;,&quot;count&quot;:&quot;0&quot;,&quot;legendonly&quot;:&quot;&quot;,&quot;readonly&quot;:&quot;&quot;,&quot;score&quot;:&quot;0&quot;,&quot;starsonly&quot;:&quot;&quot;,&quot;best&quot;:&quot;5&quot;,&quot;gap&quot;:&quot;5&quot;,&quot;greet&quot;:&quot;Rate this post&quot;,&quot;legend&quot;:&quot;0\\\/5 - (0 votes)&quot;,&quot;size&quot;:&quot;24&quot;,&quot;title&quot;:&quot;Kleding combinaties voor een perfecte eerste date in de herfst&quot;,&quot;width&quot;:&quot;0&quot;,&quot;_legend&quot;:&quot;{score}\\\/{best} - ({count} {votes})&quot;,&quot;font_factor&quot;:&quot;1.25&quot;}'>\n            \n<div class=\"kksr-stars\">\n    \n<div class=\"kksr-stars-inactive\">\n            <div class=\"kksr-star\" data-star=\"1\" style=\"padding-right: 5px\">\n            \n\n<div class=\"kksr-icon\" style=\"width: 24px; height: 24px;\"><\/div>\n        <\/div>\n            <div class=\"kksr-star\" data-star=\"2\" style=\"padding-right: 5px\">\n            \n\n<div class=\"kksr-icon\" style=\"width: 24px; height: 24px;\"><\/div>\n        <\/div>\n            <div class=\"kksr-star\" data-star=\"3\" style=\"padding-right: 5px\">\n            \n\n<div class=\"kksr-icon\" style=\"width: 24px; height: 24px;\"><\/div>\n        <\/div>\n            <div class=\"kksr-star\" data-star=\"4\" style=\"padding-right: 5px\">\n            \n\n<div class=\"kksr-icon\" style=\"width: 24px; height: 24px;\"><\/div>\n        <\/div>\n            <div class=\"kksr-star\" data-star=\"5\" style=\"padding-right: 5px\">\n            \n\n<div class=\"kksr-icon\" style=\"width: 24px; height: 24px;\"><\/div>\n        <\/div>\n    <\/div>\n    \n<div class=\"kksr-stars-active\" style=\"width: 0px;\">\n            <div class=\"kksr-star\" style=\"padding-right: 5px\">\n            \n\n<div class=\"kksr-icon\" style=\"width: 24px; height: 24px;\"><\/div>\n        <\/div>\n            <div class=\"kksr-star\" style=\"padding-right: 5px\">\n            \n\n<div class=\"kksr-icon\" style=\"width: 24px; height: 24px;\"><\/div>\n        <\/div>\n            <div class=\"kksr-star\" style=\"padding-right: 5px\">\n            \n\n<div class=\"kksr-icon\" style=\"width: 24px; height: 24px;\"><\/div>\n        <\/div>\n            <div class=\"kksr-star\" style=\"padding-right: 5px\">\n            \n\n<div class=\"kksr-icon\" style=\"width: 24px; height: 24px;\"><\/div>\n        <\/div>\n            <div class=\"kksr-star\" style=\"padding-right: 5px\">\n            \n\n<div class=\"kksr-icon\" style=\"width: 24px; height: 24px;\"><\/div>\n        <\/div>\n    <\/div>\n<\/div>\n                \n\n<div class=\"kksr-legend\" style=\"font-size: 19.2px;\">\n            <span class=\"kksr-muted\">Evalueaz\u0103 aceast\u0103 postare<\/span>\n    <\/div>\n    <\/div>\n<p>C\u00e2nd frunzele cad \u0219i zilele se scurteaz\u0103, lumea se transform\u0103 \u00eentr-un peisaj pitoresc de toamn\u0103. Acest sezon ofer\u0103 fundalul perfect pentru o prim\u0103 \u00eent\u00e2lnire, plin\u0103 de posibilit\u0103\u021bi \u0219i romantism. Dar ce por\u021bi ca s\u0103 faci o impresie bun\u0103? R\u0103spunsurile se afl\u0103 \u00een combina\u021bia clasic\u0103 dintre stil \u0219i confort. \u00cen acest articol, vei descoperi cum s\u0103 alegi haine care nu sunt doar la mod\u0103, ci \u0219i potrivite pentru temperaturile schimb\u0103toare ale toamnei.<\/p>\n<p>\u021ainuta potrivit\u0103 poate servi ca o arm\u0103 puternic\u0103, at\u00e2t pentru a te face s\u0103 te sim\u021bi \u00eencrez\u0103toare, c\u00e2t \u0219i pentru a-\u021bi impresiona partenerul. De la casual la \u0219ic, exist\u0103 c\u00e2te ceva pentru fiecare. \u00ce\u021bi vom oferi sfaturi despre materiale, combina\u021bii de \u021binute \u0219i accesorii care nu sunt doar func\u021bionale, ci \u0219i pun \u00een valoare stilul t\u0103u personal. Las\u0103-te inspirat de posibilit\u0103\u021bi \u0219i mergi cu \u00eencredere la prima \u00eent\u00e2lnire!<\/p>\n<h2>Alegerea potrivit\u0103 a materialului<\/h2>\n<p><img decoding=\"async\" alt=\"Een vrouw met een stijlvolle outfit en schuilplek bij een restaurant in de herfst. Warm en uitnodigend.\" src=\"https:\/\/vanbeek-recycel.nl\/wp-content\/uploads\/image0cc29e5954ca4f3b83126dcb379a0d62.png\"\/><\/p>\n<p>Atunci c\u00e2nd alegi haine pentru o \u00eent\u00e2lnire de toamn\u0103, materialele sunt cruciale. \u00cen aceast\u0103 perioad\u0103 a anului vrei s\u0103 g\u0103se\u0219ti un echilibru \u00eentre c\u0103ldur\u0103, confort \u0219i stil. De asemenea, deoarece se poate r\u0103ci repede, este important s\u0103 te po\u021bi adapta la temperaturi diferite. L\u00e2na, bumbacul \u0219i flanelul sunt alegeri excelente, care sunt at\u00e2t elegante, c\u00e2t \u0219i practice. Nu numai c\u0103 ofer\u0103 c\u0103ldur\u0103, dar sunt \u0219i pl\u0103cute pe piele.<\/p>\n<p>Mai jos ve\u021bi g\u0103si o prezentare general\u0103 a substan\u021belor \u0219i a propriet\u0103\u021bilor acestora:<\/p>\n<table border=\"1\">\n<tr>\n<th>Praf<\/th>\n<th>Caracteristici<\/th>\n<\/tr>\n<tr>\n<td>L\u00e2n\u0103<\/td>\n<td>Cald, respirabil \u0219i durabil<\/td>\n<\/tr>\n<tr>\n<td>Bumbac<\/td>\n<td>Moale, u\u0219or \u0219i confortabil<\/td>\n<\/tr>\n<tr>\n<td>Flanel<\/td>\n<td>Moale, c\u0103lduroas\u0103 \u0219i perfect\u0103 pentru a fi purtat\u0103 \u00een straturi<\/td>\n<\/tr>\n<\/table>\n<h2>\u021ainute casual pentru o \u00eent\u00e2lnire informal\u0103<\/h2>\n<p><img decoding=\"async\" alt=\"Een man in een bruin pak staat met een fiets op een sfeervolle straat vol winkels.\" src=\"https:\/\/vanbeek-recycel.nl\/wp-content\/uploads\/image733fe940bfac427ea0d48ac9cb13a90a.png\"\/><\/p>\n<p>O \u021binut\u0103 casual poate fi perfect\u0103 pentru o prim\u0103 \u00eent\u00e2lnire, fie c\u0103 este vorba de o plimbare \u00een parc sau de o cafenea intim\u0103. Confortul este important aici, dar asta nu \u00eenseamn\u0103 c\u0103 ar trebui s\u0103 neglijezi stilul t\u0103u. De exemplu, doamnele pot opta pentru o rochie maxi cu o jachet\u0103 din denim. Nu numai c\u0103 arat\u0103 frumos, dar este \u0219i confortabil pentru o \u00eent\u00e2lnire mai activ\u0103.<\/p>\n<p>Pentru b\u0103rba\u021bi, blugii croi\u021bi bine cu o c\u0103ma\u0219\u0103 casual sau un pulover moale sunt adesea perfec\u021bi. Acest lucru \u00ee\u021bi va oferi un aspect relaxat, dar totodat\u0103 \u00eengrijit. Nu uita c\u0103 accesoriile \u00ee\u021bi pot completa aspectul. Iat\u0103 c\u00e2teva sugestii:<\/p>\n<ul>\n<li>Pantofi atr\u0103g\u0103tori pentru mai mult stil<\/li>\n<li>O br\u0103\u021bar\u0103 sau un colier elegant<\/li>\n<li>Un rucsac sau o geant\u0103 de um\u0103r la mod\u0103<\/li>\n<\/ul>\n<h2>\u021ainut\u0103 elegant\u0103 pentru o cin\u0103 cochet\u0103<\/h2>\n<p>C\u00e2nd \u00eent\u00e2lnirea ta are un cadru mai formal, este important s\u0103 ar\u0103\u021bi elegant\u0103 f\u0103r\u0103 a fi \u00eembr\u0103cat\u0103 excesiv. Pentru doamne, o rochie simpl\u0103, dar frumoas\u0103, cu un palton lung de l\u00e2n\u0103 poate fi alegerea potrivit\u0103. Acest lucru nu numai c\u0103 ofer\u0103 un aspect rafinat, dar te \u0219i \u021bine de cald. Po\u021bi completa \u021binuta cu o pereche de pantofi cu toc clasici \u0219i bijuterii minimaliste.<\/p>\n<p>Pentru b\u0103rba\u021bi, un sacou bine croit cu un tricou \u0219i pantaloni chino \u00eentr-o culoare de toamn\u0103 este o op\u021biune elegant\u0103. \u00cen felul acesta, r\u0103m\u00e2i \u0219ic f\u0103r\u0103 s\u0103 te sim\u021bi inconfortabil. C\u00e2nd alege\u021bi culorile, lua\u021bi \u00een considerare tonurile calde ale sezonului. Iat\u0103 c\u00e2teva culori perfecte pentru o \u00eent\u00e2lnire romantic\u0103 de toamn\u0103:<\/p>\n<ul>\n<li>Bordeaux ro\u0219u<\/li>\n<li>Galben mu\u0219tar<\/li>\n<li>M\u0103slin<\/li>\n<\/ul>\n<h2>Straturi: Cheia versatilit\u0103\u021bii<\/h2>\n<p>Straturile sunt obligatorii toamna. \u00ce\u021bi ofer\u0103 posibilitatea de a-\u021bi varia look-ul \u0219i de a te \u021bine de cald, \u00een func\u021bie de vreme. Este util s\u0103 \u00eencepi cu un strat de baz\u0103, urmat de un strat intermediar, cum ar fi un pulover, \u0219i s\u0103 termini cu un strat exterior elegant, cum ar fi o jachet\u0103 sau un palton. Nu este doar practic, ci este \u0219i o modalitate excelent\u0103 de a combina diferite stiluri \u0219i culori.<\/p>\n<p>Un sfat bun este s\u0103 alegi culori care se potrivesc bine \u00eempreun\u0103. De exemplu, dac\u0103 ai un strat de baz\u0103 neutru, po\u021bi ad\u0103uga un pulover str\u0103lucitor \u0219i o jachet\u0103 statement. Acest lucru \u00ee\u021bi va men\u021bine aspectul vibrant \u0219i \u00een concordan\u021b\u0103 cu atmosfera de toamn\u0103.<\/p>\n<h2>Accesorii care fac diferen\u021ba<\/h2>\n<p>Accesoriile potrivite \u00ee\u021bi pot completa \u021binuta \u0219i pot ad\u0103uga o not\u0103 personal\u0103. G\u00e2nde\u0219te-te la pantofi, gen\u021bi, e\u0219arfe \u0219i p\u0103l\u0103rii care sunt at\u00e2t elegante, c\u00e2t \u0219i practice. De exemplu, pantofii comozi, dar elegan\u021bi, sunt esen\u021biali pentru o sear\u0103 \u00een ora\u0219. \u00cen plus, o geant\u0103 este ideal\u0103 pentru a transporta lucrurile personale f\u0103r\u0103 a sacrifica stilul.<\/p>\n<p>O e\u0219arf\u0103 frumoas\u0103 sau o p\u0103l\u0103rie la mod\u0103 nu numai c\u0103 pot oferi c\u0103ldur\u0103, ci pot face \u0219i o declara\u021bie de mod\u0103. Asigur\u0103-te c\u0103 alegi aceste articole cu aten\u021bie, astfel \u00eenc\u00e2t s\u0103 se potriveasc\u0103 bine cu \u021binuta ta. Accesoriile sunt cirea\u0219a de pe tortul \u021binutei tale. Iat\u0103 o list\u0103 cu accesorii populare de toamn\u0103:<\/p>\n<ul>\n<li>E\u0219arfe \u00een culori bogate \u0219i calde<\/li>\n<li>P\u0103l\u0103rii la mod\u0103, cum ar fi fedora sau beretele<\/li>\n<li>Gen\u021bi elegante care sunt func\u021bionale<\/li>\n<\/ul>\n<h2>Concluzie<\/h2>\n<p>Combina\u021bia perfect\u0103 de \u021binute pentru prima \u00eent\u00e2lnire de toamn\u0103 se bazeaz\u0103 pe echilibrul dintre confort, stil \u0219i vreme. Alegerile corecte te pot face s\u0103 te sim\u021bi \u00eencrez\u0103toare \u0219i atractiv\u0103, ceea ce va fi cu siguran\u021b\u0103 \u00een avantajul persoanei tale. Nu uita s\u0103 lucrezi \u00een straturi pentru a putea reac\u021biona la schimb\u0103rile rapide de temperatur\u0103. G\u00e2ndindu-te la materiale, stiluri \u0219i accesorii, vei fi bine preg\u0103tit \u0219i gata s\u0103 faci o impresie de durat\u0103.<\/p>\n<h2>\u00centreb\u0103ri frecvente<\/h2>\n<ul>\n<li><strong>Care sunt culorile potrivite pentru o \u00eent\u00e2lnire de toamn\u0103?<\/strong> G\u00e2nde\u0219te-te la tonuri p\u0103m\u00e2ntii, cum ar fi vi\u0219iniu, galben mu\u0219tar \u0219i verde m\u0103sliniu.<\/li>\n<li><strong>Ar trebui s\u0103 m\u0103 \u00eembrac prea mult la o prim\u0103 \u00eent\u00e2lnire?<\/strong> Depinde de context, dar o \u021binut\u0103 smart casual este adesea o alegere sigur\u0103.<\/li>\n<li><strong>Ce accesorii sunt potrivite pentru toamn\u0103?<\/strong> O e\u0219arf\u0103 elegant\u0103, o p\u0103l\u0103rie \u0219i pantofi comozi sunt de obicei alegeri bune.<\/li>\n<li><strong>Sunt importante gen\u021bile de m\u00e2n\u0103 la o \u00eent\u00e2lnire?<\/strong> Da, \u00ee\u021bi pot completa aspectul \u0219i pot fi practice \u00een acela\u0219i timp.<\/li>\n<li><strong>Cum pot combina cel mai bine straturile?<\/strong> \u00cencepe\u021bi cu un strat de baz\u0103, ad\u0103uga\u021bi un pulover sau un cardigan \u0219i termina\u021bi cu o jachet\u0103 elegant\u0103.<\/li>\n<\/ul>","protected":false},"excerpt":{"rendered":"<p>C\u00e2nd frunzele cad \u0219i zilele se scurteaz\u0103, lumea se transform\u0103 \u00eentr-un peisaj pitoresc de toamn\u0103. Acest sezon ofer\u0103 fundalul perfect pentru o premier\u0103<\/p>","protected":false},"author":3,"featured_media":74,"comment_status":"closed","ping_status":"closed","sticky":false,"template":"","format":"standard","meta":{"_acf_changed":false,"footnotes":""},"categories":[1],"tags":[],"class_list":["post-96","post","type-post","status-publish","format-standard","has-post-thumbnail","hentry","category-bloggen"],"acf":[],"yoast_head":"<!-- This site is optimized with the Yoast SEO plugin v23.2 - https:\/\/yoast.com\/wordpress\/plugins\/seo\/ -->\n<title>Kledingcombinaties voor een Perfecte Eerste Date in de Herfst<\/title>\n<meta name=\"description\" content=\"Ontdek stijlvolle en comfortabele kledingcombinaties voor je eerste herfstdate. Maak een blijvende indruk met onze tips en trends!\" \/>\n<meta name=\"robots\" content=\"index, follow, max-snippet:-1, max-image-preview:large, max-video-preview:-1\" \/>\n<link rel=\"canonical\" href=\"https:\/\/vanbeek-recycel.nl\/ro\/kleding-combinaties-voor-een-perfecte-eerste-date-in-de-herfst\/\" \/>\n<meta property=\"og:locale\" content=\"ro_RO\" \/>\n<meta property=\"og:type\" content=\"article\" \/>\n<meta property=\"og:title\" content=\"Kledingcombinaties voor een Perfecte Eerste Date in de Herfst\" \/>\n<meta property=\"og:description\" content=\"Ontdek stijlvolle en comfortabele kledingcombinaties voor je eerste herfstdate. Maak een blijvende indruk met onze tips en trends!\" \/>\n<meta property=\"og:url\" content=\"https:\/\/vanbeek-recycel.nl\/ro\/kleding-combinaties-voor-een-perfecte-eerste-date-in-de-herfst\/\" \/>\n<meta property=\"og:site_name\" content=\"vanbeek-recycel.nl\" \/>\n<meta property=\"article:published_time\" content=\"2025-02-25T00:00:00+00:00\" \/>\n<meta property=\"article:modified_time\" content=\"2025-04-02T12:55:16+00:00\" \/>\n<meta property=\"og:image\" content=\"https:\/\/vanbeek-recycel.nl\/wp-content\/uploads\/image1beea75849cd4feab4964ae3993d9926.png\" \/>\n\t<meta property=\"og:image:width\" content=\"1024\" \/>\n\t<meta property=\"og:image:height\" content=\"768\" \/>\n\t<meta property=\"og:image:type\" content=\"image\/png\" \/>\n<meta name=\"author\" content=\"Amber De Lange\" \/>\n<meta name=\"twitter:card\" content=\"summary_large_image\" \/>\n<meta name=\"twitter:label1\" content=\"Scris de\" \/>\n\t<meta name=\"twitter:data1\" content=\"Amber De Lange\" \/>\n\t<meta name=\"twitter:label2\" content=\"Timp estimat pentru citire\" \/>\n\t<meta name=\"twitter:data2\" content=\"4 minute\" \/>\n<script type=\"application\/ld+json\" class=\"yoast-schema-graph\">{\"@context\":\"https:\/\/schema.org\",\"@graph\":[{\"@type\":\"WebPage\",\"@id\":\"https:\/\/vanbeek-recycel.nl\/kleding-combinaties-voor-een-perfecte-eerste-date-in-de-herfst\/\",\"url\":\"https:\/\/vanbeek-recycel.nl\/kleding-combinaties-voor-een-perfecte-eerste-date-in-de-herfst\/\",\"name\":\"Kledingcombinaties voor een Perfecte Eerste Date in de Herfst\",\"isPartOf\":{\"@id\":\"https:\/\/vanbeek-recycel.nl\/#website\"},\"primaryImageOfPage\":{\"@id\":\"https:\/\/vanbeek-recycel.nl\/kleding-combinaties-voor-een-perfecte-eerste-date-in-de-herfst\/#primaryimage\"},\"image\":{\"@id\":\"https:\/\/vanbeek-recycel.nl\/kleding-combinaties-voor-een-perfecte-eerste-date-in-de-herfst\/#primaryimage\"},\"thumbnailUrl\":\"https:\/\/vanbeek-recycel.nl\/wp-content\/uploads\/image1beea75849cd4feab4964ae3993d9926.png\",\"datePublished\":\"2025-02-25T00:00:00+00:00\",\"dateModified\":\"2025-04-02T12:55:16+00:00\",\"author\":{\"@id\":\"https:\/\/vanbeek-recycel.nl\/#\/schema\/person\/95cff5ef16ae7b53ddc172c4a63bf906\"},\"description\":\"Ontdek stijlvolle en comfortabele kledingcombinaties voor je eerste herfstdate. Maak een blijvende indruk met onze tips en trends!\",\"breadcrumb\":{\"@id\":\"https:\/\/vanbeek-recycel.nl\/kleding-combinaties-voor-een-perfecte-eerste-date-in-de-herfst\/#breadcrumb\"},\"inLanguage\":\"ro-RO\",\"potentialAction\":[{\"@type\":\"ReadAction\",\"target\":[\"https:\/\/vanbeek-recycel.nl\/kleding-combinaties-voor-een-perfecte-eerste-date-in-de-herfst\/\"]}]},{\"@type\":\"ImageObject\",\"inLanguage\":\"ro-RO\",\"@id\":\"https:\/\/vanbeek-recycel.nl\/kleding-combinaties-voor-een-perfecte-eerste-date-in-de-herfst\/#primaryimage\",\"url\":\"https:\/\/vanbeek-recycel.nl\/wp-content\/uploads\/image1beea75849cd4feab4964ae3993d9926.png\",\"contentUrl\":\"https:\/\/vanbeek-recycel.nl\/wp-content\/uploads\/image1beea75849cd4feab4964ae3993d9926.png\",\"width\":1024,\"height\":768},{\"@type\":\"BreadcrumbList\",\"@id\":\"https:\/\/vanbeek-recycel.nl\/kleding-combinaties-voor-een-perfecte-eerste-date-in-de-herfst\/#breadcrumb\",\"itemListElement\":[{\"@type\":\"ListItem\",\"position\":1,\"name\":\"Home\",\"item\":\"https:\/\/vanbeek-recycel.nl\/\"},{\"@type\":\"ListItem\",\"position\":2,\"name\":\"Kleding combinaties voor een perfecte eerste date in de herfst\"}]},{\"@type\":\"WebSite\",\"@id\":\"https:\/\/vanbeek-recycel.nl\/#website\",\"url\":\"https:\/\/vanbeek-recycel.nl\/\",\"name\":\"vanbeek-recycel.nl\",\"description\":\"Tips voor jouw perfecte look en stijl\",\"potentialAction\":[{\"@type\":\"SearchAction\",\"target\":{\"@type\":\"EntryPoint\",\"urlTemplate\":\"https:\/\/vanbeek-recycel.nl\/?s={search_term_string}\"},\"query-input\":\"required name=search_term_string\"}],\"inLanguage\":\"ro-RO\"},{\"@type\":\"Person\",\"@id\":\"https:\/\/vanbeek-recycel.nl\/#\/schema\/person\/95cff5ef16ae7b53ddc172c4a63bf906\",\"name\":\"Amber De Lange\",\"image\":{\"@type\":\"ImageObject\",\"inLanguage\":\"ro-RO\",\"@id\":\"https:\/\/vanbeek-recycel.nl\/#\/schema\/person\/image\/\",\"url\":\"https:\/\/vanbeek-recycel.nl\/wp-content\/uploads\/amber-de-lange_avatar-96x96.jpg\",\"contentUrl\":\"https:\/\/vanbeek-recycel.nl\/wp-content\/uploads\/amber-de-lange_avatar-96x96.jpg\",\"caption\":\"Amber De Lange\"},\"description\":\"Mijn naam is Amber De Lange, een gepassioneerde mode-expert met meer dan tien jaar ervaring. Na mijn studie modeontwerp in Nederland heb ik gewerkt als styliste en modeblogger, en deel ik mijn kennis over trends en persoonlijke stijl via sociale media en blogs.\",\"url\":\"https:\/\/vanbeek-recycel.nl\/ro\/author\/amber-de-lange\/\"}]}<\/script>\n<!-- \/ Yoast SEO plugin. -->","yoast_head_json":{"title":"Kledingcombinaties voor een Perfecte Eerste Date in de Herfst","description":"Ontdek stijlvolle en comfortabele kledingcombinaties voor je eerste herfstdate. Maak een blijvende indruk met onze tips en trends!","robots":{"index":"index","follow":"follow","max-snippet":"max-snippet:-1","max-image-preview":"max-image-preview:large","max-video-preview":"max-video-preview:-1"},"canonical":"https:\/\/vanbeek-recycel.nl\/ro\/kleding-combinaties-voor-een-perfecte-eerste-date-in-de-herfst\/","og_locale":"ro_RO","og_type":"article","og_title":"Kledingcombinaties voor een Perfecte Eerste Date in de Herfst","og_description":"Ontdek stijlvolle en comfortabele kledingcombinaties voor je eerste herfstdate. Maak een blijvende indruk met onze tips en trends!","og_url":"https:\/\/vanbeek-recycel.nl\/ro\/kleding-combinaties-voor-een-perfecte-eerste-date-in-de-herfst\/","og_site_name":"vanbeek-recycel.nl","article_published_time":"2025-02-25T00:00:00+00:00","article_modified_time":"2025-04-02T12:55:16+00:00","og_image":[{"width":1024,"height":768,"url":"https:\/\/vanbeek-recycel.nl\/wp-content\/uploads\/image1beea75849cd4feab4964ae3993d9926.png","type":"image\/png"}],"author":"Amber De Lange","twitter_card":"summary_large_image","twitter_misc":{"Scris de":"Amber De Lange","Timp estimat pentru citire":"4 minute"},"schema":{"@context":"https:\/\/schema.org","@graph":[{"@type":"WebPage","@id":"https:\/\/vanbeek-recycel.nl\/kleding-combinaties-voor-een-perfecte-eerste-date-in-de-herfst\/","url":"https:\/\/vanbeek-recycel.nl\/kleding-combinaties-voor-een-perfecte-eerste-date-in-de-herfst\/","name":"Kledingcombinaties voor een Perfecte Eerste Date in de Herfst","isPartOf":{"@id":"https:\/\/vanbeek-recycel.nl\/#website"},"primaryImageOfPage":{"@id":"https:\/\/vanbeek-recycel.nl\/kleding-combinaties-voor-een-perfecte-eerste-date-in-de-herfst\/#primaryimage"},"image":{"@id":"https:\/\/vanbeek-recycel.nl\/kleding-combinaties-voor-een-perfecte-eerste-date-in-de-herfst\/#primaryimage"},"thumbnailUrl":"https:\/\/vanbeek-recycel.nl\/wp-content\/uploads\/image1beea75849cd4feab4964ae3993d9926.png","datePublished":"2025-02-25T00:00:00+00:00","dateModified":"2025-04-02T12:55:16+00:00","author":{"@id":"https:\/\/vanbeek-recycel.nl\/#\/schema\/person\/95cff5ef16ae7b53ddc172c4a63bf906"},"description":"Ontdek stijlvolle en comfortabele kledingcombinaties voor je eerste herfstdate. Maak een blijvende indruk met onze tips en trends!","breadcrumb":{"@id":"https:\/\/vanbeek-recycel.nl\/kleding-combinaties-voor-een-perfecte-eerste-date-in-de-herfst\/#breadcrumb"},"inLanguage":"ro-RO","potentialAction":[{"@type":"ReadAction","target":["https:\/\/vanbeek-recycel.nl\/kleding-combinaties-voor-een-perfecte-eerste-date-in-de-herfst\/"]}]},{"@type":"ImageObject","inLanguage":"ro-RO","@id":"https:\/\/vanbeek-recycel.nl\/kleding-combinaties-voor-een-perfecte-eerste-date-in-de-herfst\/#primaryimage","url":"https:\/\/vanbeek-recycel.nl\/wp-content\/uploads\/image1beea75849cd4feab4964ae3993d9926.png","contentUrl":"https:\/\/vanbeek-recycel.nl\/wp-content\/uploads\/image1beea75849cd4feab4964ae3993d9926.png","width":1024,"height":768},{"@type":"BreadcrumbList","@id":"https:\/\/vanbeek-recycel.nl\/kleding-combinaties-voor-een-perfecte-eerste-date-in-de-herfst\/#breadcrumb","itemListElement":[{"@type":"ListItem","position":1,"name":"Home","item":"https:\/\/vanbeek-recycel.nl\/"},{"@type":"ListItem","position":2,"name":"Kleding combinaties voor een perfecte eerste date in de herfst"}]},{"@type":"WebSite","@id":"https:\/\/vanbeek-recycel.nl\/#website","url":"https:\/\/vanbeek-recycel.nl\/","name":"vanbeek-recycel.nl","description":"Tips voor jouw perfecte look en stijl","potentialAction":[{"@type":"SearchAction","target":{"@type":"EntryPoint","urlTemplate":"https:\/\/vanbeek-recycel.nl\/?s={search_term_string}"},"query-input":"required name=search_term_string"}],"inLanguage":"ro-RO"},{"@type":"Person","@id":"https:\/\/vanbeek-recycel.nl\/#\/schema\/person\/95cff5ef16ae7b53ddc172c4a63bf906","name":"Amber De Lange","image":{"@type":"ImageObject","inLanguage":"ro-RO","@id":"https:\/\/vanbeek-recycel.nl\/#\/schema\/person\/image\/","url":"https:\/\/vanbeek-recycel.nl\/wp-content\/uploads\/amber-de-lange_avatar-96x96.jpg","contentUrl":"https:\/\/vanbeek-recycel.nl\/wp-content\/uploads\/amber-de-lange_avatar-96x96.jpg","caption":"Amber De Lange"},"description":"Mijn naam is Amber De Lange, een gepassioneerde mode-expert met meer dan tien jaar ervaring. Na mijn studie modeontwerp in Nederland heb ik gewerkt als styliste en modeblogger, en deel ik mijn kennis over trends en persoonlijke stijl via sociale media en blogs.","url":"https:\/\/vanbeek-recycel.nl\/ro\/author\/amber-de-lange\/"}]}},"yoast_meta":{"yoast_wpseo_title":"","yoast_wpseo_metadesc":"","yoast_wpseo_canonical":"https:\/\/vanbeek-recycel.nl\/ro\/wp-json\/wp\/v2\/posts\/96"},"_links":{"self":[{"href":"https:\/\/vanbeek-recycel.nl\/ro\/wp-json\/wp\/v2\/posts\/96","targetHints":{"allow":["GET"]}}],"collection":[{"href":"https:\/\/vanbeek-recycel.nl\/ro\/wp-json\/wp\/v2\/posts"}],"about":[{"href":"https:\/\/vanbeek-recycel.nl\/ro\/wp-json\/wp\/v2\/types\/post"}],"author":[{"embeddable":true,"href":"https:\/\/vanbeek-recycel.nl\/ro\/wp-json\/wp\/v2\/users\/3"}],"replies":[{"embeddable":true,"href":"https:\/\/vanbeek-recycel.nl\/ro\/wp-json\/wp\/v2\/comments?post=96"}],"version-history":[{"count":2,"href":"https:\/\/vanbeek-recycel.nl\/ro\/wp-json\/wp\/v2\/posts\/96\/revisions"}],"predecessor-version":[{"id":171,"href":"https:\/\/vanbeek-recycel.nl\/ro\/wp-json\/wp\/v2\/posts\/96\/revisions\/171"}],"wp:featuredmedia":[{"embeddable":true,"href":"https:\/\/vanbeek-recycel.nl\/ro\/wp-json\/wp\/v2\/media\/74"}],"wp:attachment":[{"href":"https:\/\/vanbeek-recycel.nl\/ro\/wp-json\/wp\/v2\/media?parent=96"}],"wp:term":[{"taxonomy":"category","embeddable":true,"href":"https:\/\/vanbeek-recycel.nl\/ro\/wp-json\/wp\/v2\/categories?post=96"},{"taxonomy":"post_tag","embeddable":true,"href":"https:\/\/vanbeek-recycel.nl\/ro\/wp-json\/wp\/v2\/tags?post=96"}],"curies":[{"name":"wp","href":"https:\/\/api.w.org\/{rel}","templated":true}]}}