{"id":98,"date":"2025-02-27T00:00:00","date_gmt":"2025-02-27T00:00:00","guid":{"rendered":"https:\/\/vanbeek-recycel.nl\/?p=98"},"modified":"2025-02-27T00:00:00","modified_gmt":"2025-02-27T00:00:00","slug":"tips-voor-het-combineren-van-een-groene-blouse-met-je-garderobe","status":"publish","type":"post","link":"https:\/\/vanbeek-recycel.nl\/ro\/tips-voor-het-combineren-van-een-groene-blouse-met-je-garderobe\/","title":{"rendered":"Sfaturi pentru a combina o bluz\u0103 verde cu garderoba ta"},"content":{"rendered":"<div class=\"kk-star-ratings kksr-auto kksr-align-left kksr-valign-top\"\n    data-payload='{&quot;align&quot;:&quot;left&quot;,&quot;id&quot;:&quot;98&quot;,&quot;slug&quot;:&quot;default&quot;,&quot;valign&quot;:&quot;top&quot;,&quot;ignore&quot;:&quot;&quot;,&quot;reference&quot;:&quot;auto&quot;,&quot;class&quot;:&quot;&quot;,&quot;count&quot;:&quot;0&quot;,&quot;legendonly&quot;:&quot;&quot;,&quot;readonly&quot;:&quot;&quot;,&quot;score&quot;:&quot;0&quot;,&quot;starsonly&quot;:&quot;&quot;,&quot;best&quot;:&quot;5&quot;,&quot;gap&quot;:&quot;5&quot;,&quot;greet&quot;:&quot;Rate this post&quot;,&quot;legend&quot;:&quot;0\\\/5 - (0 votes)&quot;,&quot;size&quot;:&quot;24&quot;,&quot;title&quot;:&quot;Tips voor het combineren van een groene blouse met je garderobe&quot;,&quot;width&quot;:&quot;0&quot;,&quot;_legend&quot;:&quot;{score}\\\/{best} - ({count} {votes})&quot;,&quot;font_factor&quot;:&quot;1.25&quot;}'>\n            \n<div class=\"kksr-stars\">\n    \n<div class=\"kksr-stars-inactive\">\n            <div class=\"kksr-star\" data-star=\"1\" style=\"padding-right: 5px\">\n            \n\n<div class=\"kksr-icon\" style=\"width: 24px; height: 24px;\"><\/div>\n        <\/div>\n            <div class=\"kksr-star\" data-star=\"2\" style=\"padding-right: 5px\">\n            \n\n<div class=\"kksr-icon\" style=\"width: 24px; height: 24px;\"><\/div>\n        <\/div>\n            <div class=\"kksr-star\" data-star=\"3\" style=\"padding-right: 5px\">\n            \n\n<div class=\"kksr-icon\" style=\"width: 24px; height: 24px;\"><\/div>\n        <\/div>\n            <div class=\"kksr-star\" data-star=\"4\" style=\"padding-right: 5px\">\n            \n\n<div class=\"kksr-icon\" style=\"width: 24px; height: 24px;\"><\/div>\n        <\/div>\n            <div class=\"kksr-star\" data-star=\"5\" style=\"padding-right: 5px\">\n            \n\n<div class=\"kksr-icon\" style=\"width: 24px; height: 24px;\"><\/div>\n        <\/div>\n    <\/div>\n    \n<div class=\"kksr-stars-active\" style=\"width: 0px;\">\n            <div class=\"kksr-star\" style=\"padding-right: 5px\">\n            \n\n<div class=\"kksr-icon\" style=\"width: 24px; height: 24px;\"><\/div>\n        <\/div>\n            <div class=\"kksr-star\" style=\"padding-right: 5px\">\n            \n\n<div class=\"kksr-icon\" style=\"width: 24px; height: 24px;\"><\/div>\n        <\/div>\n            <div class=\"kksr-star\" style=\"padding-right: 5px\">\n            \n\n<div class=\"kksr-icon\" style=\"width: 24px; height: 24px;\"><\/div>\n        <\/div>\n            <div class=\"kksr-star\" style=\"padding-right: 5px\">\n            \n\n<div class=\"kksr-icon\" style=\"width: 24px; height: 24px;\"><\/div>\n        <\/div>\n            <div class=\"kksr-star\" style=\"padding-right: 5px\">\n            \n\n<div class=\"kksr-icon\" style=\"width: 24px; height: 24px;\"><\/div>\n        <\/div>\n    <\/div>\n<\/div>\n                \n\n<div class=\"kksr-legend\" style=\"font-size: 19.2px;\">\n            <span class=\"kksr-muted\">Evalueaz\u0103 aceast\u0103 postare<\/span>\n    <\/div>\n    <\/div>\n<p>O bluz\u0103 verde poate fi o pies\u0103 vestimentar\u0103 frumoas\u0103 \u00een garderoba ta. Nu este doar o culoare care vine \u00een diferite nuan\u021be, ci este \u0219i o culoare care se poate asorta bine cu diverse alte articole din garderoba ta. Versatilitatea verdelui ofer\u0103 posibilit\u0103\u021bi nelimitate at\u00e2t pentru \u021binute casual, c\u00e2t \u0219i pentru cele formale. Urm\u00e2nd aceste sfaturi, po\u021bi crea un look nu doar la mod\u0103, ci \u0219i complet unic. Permite-ne s\u0103 te ajut\u0103m s\u0103 g\u0103se\u0219ti nuan\u021ba \u0219i stilul potrivit care \u021bi se potrive\u0219te. Cufund\u0103-te \u00een lumea modei \u0219i descoper\u0103 magia bluzei verzi!<\/p>\n<h2>Alege nuan\u021ba potrivit\u0103 de verde<\/h2>\n<p><img decoding=\"async\" alt=\"Een vrouw in een groene blouse en bloemenrok staat in een lichte caf\u00e9omgeving met veel planten.\" src=\"https:\/\/vanbeek-recycel.nl\/wp-content\/uploads\/imageef6cc650a79c4606b1df9938e30de76a.png\"\/><\/p>\n<p>Utilizarea culorii este esen\u021bial\u0103 atunci c\u00e2nd combini hainele. Bluzele verzi sunt disponibile \u00een diferite nuan\u021be, cum ar fi verde m\u0103sliniu, verde smarald \u0219i verde ment\u0103. Nuan\u021ba pe care o alegi poate influen\u021ba semnificativ aspectul general al \u021binutei tale. Atunci c\u00e2nd alegi o nuan\u021b\u0103, este important s\u0103 iei \u00een considerare tonul pielii tale \u0219i ocazia. O culoare bine aleas\u0103 \u00ee\u021bi poate completa aspectul \u0219i chiar \u00ee\u021bi poate spori \u00eencrederea \u00een sine. Iat\u0103 c\u00e2teva sfaturi pentru alegerea nuan\u021bei potrivite:<\/p>\n<ul>\n<li><strong>Culoarea pielii:<\/strong> Stabile\u0219te ce nuan\u021b\u0103 se potrive\u0219te cel mai bine tenului t\u0103u. Tonurile calde ale pielii arat\u0103 cel mai bine cu verdele m\u0103sliniu.<\/li>\n<li><strong>Ocazie:<\/strong> Alege o nuan\u021b\u0103 vibrant\u0103 pentru ocazii casual \u0219i o nuan\u021b\u0103 estompat\u0103 pentru medii formale.<\/li>\n<li><strong>Sezonier:<\/strong> G\u00e2nde\u0219te-te la anotimp; Nuan\u021bele mai deschise sunt mai potrivite pentru prim\u0103var\u0103 \u0219i var\u0103.<\/li>\n<\/ul>\n<h2>Combin\u0103 cu culori neutre<\/h2>\n<p><img decoding=\"async\" alt=\"Een vrouw draagt een groene blouse met een leren riem en staat in een modewinkel met verschillende kledingstukken.\" src=\"https:\/\/vanbeek-recycel.nl\/wp-content\/uploads\/imagee02da0947f164a679aa279d7de591352.png\"\/><\/p>\n<p>Culorile neutre precum negrul, albul, griul \u0219i bejul sunt perfecte de combinat cu o bluz\u0103 verde. Aceste culori ofer\u0103 o baz\u0103 bun\u0103 \u0219i fac, la propriu, bluza verde s\u0103 str\u0103luceasc\u0103. O \u021binut\u0103 cu o bluz\u0103 verde \u0219i un fundal neutru va face minuni pentru stilul t\u0103u. Utilizarea culorilor neutre ofer\u0103, de asemenea, un plus de echilibru aspectului t\u0103u. De exemplu, ia \u00een considerare o bluz\u0103 verde cu pantaloni albi sau o fust\u0103 neagr\u0103 pentru un look \u00eendr\u0103zne\u021b, dar sofisticat. Iat\u0103 o list\u0103 de culori neutre pe care le po\u021bi lua \u00een considerare:<\/p>\n<ul>\n<li>Negru<\/li>\n<li>Alb<\/li>\n<li>Gri<\/li>\n<li>Bej<\/li>\n<\/ul>\n<h2>Accesorii pentru o not\u0103 suplimentar\u0103<\/h2>\n<table border=\"1\">\n<tr>\n<th>Tip Accesoriu<\/th>\n<th>Combina\u021bia ideal\u0103<\/th>\n<\/tr>\n<tr>\n<td>Bijuterii<\/td>\n<td>Bijuterii aurii sau argintii pentru un look elegant<\/td>\n<\/tr>\n<tr>\n<td>Gen\u021bi<\/td>\n<td>Tonuri neutre sau p\u0103m\u00e2ntii pentru un aspect cald<\/td>\n<\/tr>\n<tr>\n<td>Pantofi<\/td>\n<td>Sandale sau pantofi cu toc \u00een tonuri p\u0103m\u00e2ntii pentru un look casual sau formal<\/td>\n<\/tr>\n<\/table>\n<p>Accesoriile pot duce o \u021binut\u0103 la nivelul urm\u0103tor. Cu o bluz\u0103 verde exist\u0103 mai multe accesorii pe care le po\u021bi lua \u00een considerare. Accesoriile potrivite nu numai c\u0103 \u00ee\u021bi pot completa \u021binuta, ci \u00ee\u021bi pot \u0219i sublinia stilul personal. Iat\u0103 c\u00e2teva recomand\u0103ri de accesorii care se potrivesc bine cu o bluz\u0103 verde:<\/p>\n<ul>\n<li><strong>Bijuterii:<\/strong> Bijuteriile din aur sau argint pot oferi un aspect elegant.<\/li>\n<li><strong>Gen\u021bi \u0219i pantofi:<\/strong> Alege nuan\u021be neutre sau opteaz\u0103 pentru tonuri p\u0103m\u00e2ntii pentru a crea un aspect cald.<\/li>\n<li><strong>Benzi \u0219i e\u0219arfe:<\/strong> O e\u0219arf\u0103 frumoas\u0103 poate completa \u021binuta \u0219i poate oferi \u0219i un plus de c\u0103ldur\u0103.<\/li>\n<\/ul>\n<h2>Joac\u0103-te cu modele<\/h2>\n<p>Combinarea unei bluze verzi cu diferite modele poate fi o provocare distractiv\u0103. Ia \u00een considerare ad\u0103ugarea de imprimeuri florale, dungi sau chiar buline. Jocul cu modelele adaug\u0103 interes vizual \u021binutei tale, f\u0103c\u00e2nd-o unic\u0103. Asorteaz\u0103 o bluz\u0103 verde cu o fust\u0103 str\u0103lucitoare sau pantaloni cu dungi pentru o not\u0103 interesant\u0103 \u021binutei tale. Este important s\u0103 te asiguri c\u0103 culorile modelelor sunt complementare, astfel \u00eenc\u00e2t aspectul t\u0103u s\u0103 r\u0103m\u00e2n\u0103 coerent. Acest lucru te poate ajuta s\u0103 creezi un stil unic, dar totodat\u0103 coerent.<\/p>\n<h2>Concluzie<\/h2>\n<p>O bluz\u0103 verde este o pies\u0103 vestimentar\u0103 versatil\u0103 care poate fi combinat\u0103 \u00een diferite moduri. Aleg\u00e2nd nuan\u021ba potrivit\u0103, lucr\u00e2nd cu culori neutre \u0219i fiind creativ\u0103 cu accesoriile \u0219i modelele, po\u021bi crea o varietate de \u021binute elegante. Cel mai important lucru este s\u0103 te sim\u021bi confortabil \u00een ceea ce por\u021bi \u0219i s\u0103-\u021bi exprimi stilul \u00eencerc\u00e2nd diferite combina\u021bii. \u00cendr\u0103zne\u0219te s\u0103 experimentezi \u0219i descoper\u0103 cum o bluz\u0103 verde \u00ee\u021bi poate transforma look-ul!<\/p>\n<h2>\u00centreb\u0103ri frecvente<\/h2>\n<ul>\n<li><strong>Ce culori se potrivesc bine cu o bluz\u0103 verde?<\/strong> R\u0103spuns: Culorile neutre precum negrul, albul, griul \u0219i bejul se potrivesc bine cu o bluz\u0103 verde.<\/li>\n<li><strong>Pot purta o bluz\u0103 verde la o ocazie formal\u0103?<\/strong> R\u0103spuns: Da, cu nuan\u021ba \u0219i combina\u021biile potrivite, o bluz\u0103 verde poate fi purtat\u0103 pentru ocazii formale.<\/li>\n<li><strong>Ce accesorii se potrivesc bine cu o bluz\u0103 verde?<\/strong> R\u0103spuns: Bijuteriile din aur sau argint, precum \u0219i gen\u021bile \u0219i pantofii \u00een culori neutre, sunt alegeri bune.<\/li>\n<li><strong>Cum combin o bluz\u0103 verde cu imprimeuri?<\/strong> R\u0103spuns: Joac\u0103-te cu diferite modele, cum ar fi dungi sau flori, \u0219i asigur\u0103-te c\u0103 culorile sunt complementare.<\/li>\n<li><strong>Ce ar trebui s\u0103 evit c\u00e2nd combin o bluz\u0103 verde?<\/strong> R\u0103spuns: Evita\u021bi s\u0103 combina\u021bi prea multe culori str\u0103lucitoare, deoarece acest lucru poate face ca \u021binuta s\u0103 par\u0103 haotic\u0103.<\/li>\n<\/ul>","protected":false},"excerpt":{"rendered":"<p>O bluz\u0103 verde poate fi o pies\u0103 vestimentar\u0103 frumoas\u0103 \u00een garderoba ta. Nu este doar o culoare care vine \u00een diferite nuan\u021be, ci<\/p>","protected":false},"author":1,"featured_media":69,"comment_status":"closed","ping_status":"closed","sticky":false,"template":"","format":"standard","meta":{"_acf_changed":false,"footnotes":""},"categories":[1],"tags":[],"class_list":["post-98","post","type-post","status-publish","format-standard","has-post-thumbnail","hentry","category-bloggen"],"acf":[],"yoast_head":"<!-- This site is optimized with the Yoast SEO plugin v23.2 - https:\/\/yoast.com\/wordpress\/plugins\/seo\/ -->\n<title>Tips voor het combineren van een groene blouse met je garderobe<\/title>\n<meta name=\"description\" content=\"Ontdek stijlvol advies voor het combineren van een groene blouse met diverse outfits en accessoires in je garderobe.\" \/>\n<meta name=\"robots\" content=\"index, follow, max-snippet:-1, max-image-preview:large, max-video-preview:-1\" \/>\n<link rel=\"canonical\" href=\"https:\/\/vanbeek-recycel.nl\/ro\/tips-voor-het-combineren-van-een-groene-blouse-met-je-garderobe\/\" \/>\n<meta property=\"og:locale\" content=\"ro_RO\" \/>\n<meta property=\"og:type\" content=\"article\" \/>\n<meta property=\"og:title\" content=\"Tips voor het combineren van een groene blouse met je garderobe\" \/>\n<meta property=\"og:description\" content=\"Ontdek stijlvol advies voor het combineren van een groene blouse met diverse outfits en accessoires in je garderobe.\" \/>\n<meta property=\"og:url\" content=\"https:\/\/vanbeek-recycel.nl\/ro\/tips-voor-het-combineren-van-een-groene-blouse-met-je-garderobe\/\" \/>\n<meta property=\"og:site_name\" content=\"vanbeek-recycel.nl\" \/>\n<meta property=\"article:published_time\" content=\"2025-02-27T00:00:00+00:00\" \/>\n<meta property=\"og:image\" content=\"https:\/\/vanbeek-recycel.nl\/wp-content\/uploads\/image204452555cb94c489706688dfc988502.png\" \/>\n\t<meta property=\"og:image:width\" content=\"1024\" \/>\n\t<meta property=\"og:image:height\" content=\"768\" \/>\n\t<meta property=\"og:image:type\" content=\"image\/png\" \/>\n<meta name=\"author\" content=\"Axel Leclercq\" \/>\n<meta name=\"twitter:card\" content=\"summary_large_image\" \/>\n<meta name=\"twitter:label1\" content=\"Scris de\" \/>\n\t<meta name=\"twitter:data1\" content=\"Axel Leclercq\" \/>\n\t<meta name=\"twitter:label2\" content=\"Timp estimat pentru citire\" \/>\n\t<meta name=\"twitter:data2\" content=\"4 minute\" \/>\n<script type=\"application\/ld+json\" class=\"yoast-schema-graph\">{\"@context\":\"https:\/\/schema.org\",\"@graph\":[{\"@type\":\"WebPage\",\"@id\":\"https:\/\/vanbeek-recycel.nl\/tips-voor-het-combineren-van-een-groene-blouse-met-je-garderobe\/\",\"url\":\"https:\/\/vanbeek-recycel.nl\/tips-voor-het-combineren-van-een-groene-blouse-met-je-garderobe\/\",\"name\":\"Tips voor het combineren van een groene blouse met je garderobe\",\"isPartOf\":{\"@id\":\"https:\/\/vanbeek-recycel.nl\/#website\"},\"primaryImageOfPage\":{\"@id\":\"https:\/\/vanbeek-recycel.nl\/tips-voor-het-combineren-van-een-groene-blouse-met-je-garderobe\/#primaryimage\"},\"image\":{\"@id\":\"https:\/\/vanbeek-recycel.nl\/tips-voor-het-combineren-van-een-groene-blouse-met-je-garderobe\/#primaryimage\"},\"thumbnailUrl\":\"https:\/\/vanbeek-recycel.nl\/wp-content\/uploads\/image204452555cb94c489706688dfc988502.png\",\"datePublished\":\"2025-02-27T00:00:00+00:00\",\"dateModified\":\"2025-02-27T00:00:00+00:00\",\"author\":{\"@id\":\"https:\/\/vanbeek-recycel.nl\/#\/schema\/person\/f254f6153451f4947b1d0db720fdcfb9\"},\"description\":\"Ontdek stijlvol advies voor het combineren van een groene blouse met diverse outfits en accessoires in je garderobe.\",\"breadcrumb\":{\"@id\":\"https:\/\/vanbeek-recycel.nl\/tips-voor-het-combineren-van-een-groene-blouse-met-je-garderobe\/#breadcrumb\"},\"inLanguage\":\"ro-RO\",\"potentialAction\":[{\"@type\":\"ReadAction\",\"target\":[\"https:\/\/vanbeek-recycel.nl\/tips-voor-het-combineren-van-een-groene-blouse-met-je-garderobe\/\"]}]},{\"@type\":\"ImageObject\",\"inLanguage\":\"ro-RO\",\"@id\":\"https:\/\/vanbeek-recycel.nl\/tips-voor-het-combineren-van-een-groene-blouse-met-je-garderobe\/#primaryimage\",\"url\":\"https:\/\/vanbeek-recycel.nl\/wp-content\/uploads\/image204452555cb94c489706688dfc988502.png\",\"contentUrl\":\"https:\/\/vanbeek-recycel.nl\/wp-content\/uploads\/image204452555cb94c489706688dfc988502.png\",\"width\":1024,\"height\":768},{\"@type\":\"BreadcrumbList\",\"@id\":\"https:\/\/vanbeek-recycel.nl\/tips-voor-het-combineren-van-een-groene-blouse-met-je-garderobe\/#breadcrumb\",\"itemListElement\":[{\"@type\":\"ListItem\",\"position\":1,\"name\":\"Home\",\"item\":\"https:\/\/vanbeek-recycel.nl\/\"},{\"@type\":\"ListItem\",\"position\":2,\"name\":\"Tips voor het combineren van een groene blouse met je garderobe\"}]},{\"@type\":\"WebSite\",\"@id\":\"https:\/\/vanbeek-recycel.nl\/#website\",\"url\":\"https:\/\/vanbeek-recycel.nl\/\",\"name\":\"vanbeek-recycel.nl\",\"description\":\"Tips voor jouw perfecte look en stijl\",\"potentialAction\":[{\"@type\":\"SearchAction\",\"target\":{\"@type\":\"EntryPoint\",\"urlTemplate\":\"https:\/\/vanbeek-recycel.nl\/?s={search_term_string}\"},\"query-input\":\"required name=search_term_string\"}],\"inLanguage\":\"ro-RO\"},{\"@type\":\"Person\",\"@id\":\"https:\/\/vanbeek-recycel.nl\/#\/schema\/person\/f254f6153451f4947b1d0db720fdcfb9\",\"name\":\"Axel Leclercq\",\"image\":{\"@type\":\"ImageObject\",\"inLanguage\":\"ro-RO\",\"@id\":\"https:\/\/vanbeek-recycel.nl\/#\/schema\/person\/image\/\",\"url\":\"https:\/\/vanbeek-recycel.nl\/wp-content\/uploads\/axel-leclercq_avatar-96x96.jpg\",\"contentUrl\":\"https:\/\/vanbeek-recycel.nl\/wp-content\/uploads\/axel-leclercq_avatar-96x96.jpg\",\"caption\":\"Axel Leclercq\"},\"description\":\"Axel Leclercq is een mode-expert met meer dan tien jaar ervaring in de mode-industrie. Na zijn studie modecommunicatie werkte hij als stylist en redacteur voor toonaangevende modetijdschriften. Tegenwoordig deelt hij zijn passie en kennis via blogs, workshops en stijladvies.\",\"url\":\"https:\/\/vanbeek-recycel.nl\/ro\/author\/axel-leclercq\/\"}]}<\/script>\n<!-- \/ Yoast SEO plugin. -->","yoast_head_json":{"title":"Tips voor het combineren van een groene blouse met je garderobe","description":"Ontdek stijlvol advies voor het combineren van een groene blouse met diverse outfits en accessoires in je garderobe.","robots":{"index":"index","follow":"follow","max-snippet":"max-snippet:-1","max-image-preview":"max-image-preview:large","max-video-preview":"max-video-preview:-1"},"canonical":"https:\/\/vanbeek-recycel.nl\/ro\/tips-voor-het-combineren-van-een-groene-blouse-met-je-garderobe\/","og_locale":"ro_RO","og_type":"article","og_title":"Tips voor het combineren van een groene blouse met je garderobe","og_description":"Ontdek stijlvol advies voor het combineren van een groene blouse met diverse outfits en accessoires in je garderobe.","og_url":"https:\/\/vanbeek-recycel.nl\/ro\/tips-voor-het-combineren-van-een-groene-blouse-met-je-garderobe\/","og_site_name":"vanbeek-recycel.nl","article_published_time":"2025-02-27T00:00:00+00:00","og_image":[{"width":1024,"height":768,"url":"https:\/\/vanbeek-recycel.nl\/wp-content\/uploads\/image204452555cb94c489706688dfc988502.png","type":"image\/png"}],"author":"Axel Leclercq","twitter_card":"summary_large_image","twitter_misc":{"Scris de":"Axel Leclercq","Timp estimat pentru citire":"4 minute"},"schema":{"@context":"https:\/\/schema.org","@graph":[{"@type":"WebPage","@id":"https:\/\/vanbeek-recycel.nl\/tips-voor-het-combineren-van-een-groene-blouse-met-je-garderobe\/","url":"https:\/\/vanbeek-recycel.nl\/tips-voor-het-combineren-van-een-groene-blouse-met-je-garderobe\/","name":"Tips voor het combineren van een groene blouse met je garderobe","isPartOf":{"@id":"https:\/\/vanbeek-recycel.nl\/#website"},"primaryImageOfPage":{"@id":"https:\/\/vanbeek-recycel.nl\/tips-voor-het-combineren-van-een-groene-blouse-met-je-garderobe\/#primaryimage"},"image":{"@id":"https:\/\/vanbeek-recycel.nl\/tips-voor-het-combineren-van-een-groene-blouse-met-je-garderobe\/#primaryimage"},"thumbnailUrl":"https:\/\/vanbeek-recycel.nl\/wp-content\/uploads\/image204452555cb94c489706688dfc988502.png","datePublished":"2025-02-27T00:00:00+00:00","dateModified":"2025-02-27T00:00:00+00:00","author":{"@id":"https:\/\/vanbeek-recycel.nl\/#\/schema\/person\/f254f6153451f4947b1d0db720fdcfb9"},"description":"Ontdek stijlvol advies voor het combineren van een groene blouse met diverse outfits en accessoires in je garderobe.","breadcrumb":{"@id":"https:\/\/vanbeek-recycel.nl\/tips-voor-het-combineren-van-een-groene-blouse-met-je-garderobe\/#breadcrumb"},"inLanguage":"ro-RO","potentialAction":[{"@type":"ReadAction","target":["https:\/\/vanbeek-recycel.nl\/tips-voor-het-combineren-van-een-groene-blouse-met-je-garderobe\/"]}]},{"@type":"ImageObject","inLanguage":"ro-RO","@id":"https:\/\/vanbeek-recycel.nl\/tips-voor-het-combineren-van-een-groene-blouse-met-je-garderobe\/#primaryimage","url":"https:\/\/vanbeek-recycel.nl\/wp-content\/uploads\/image204452555cb94c489706688dfc988502.png","contentUrl":"https:\/\/vanbeek-recycel.nl\/wp-content\/uploads\/image204452555cb94c489706688dfc988502.png","width":1024,"height":768},{"@type":"BreadcrumbList","@id":"https:\/\/vanbeek-recycel.nl\/tips-voor-het-combineren-van-een-groene-blouse-met-je-garderobe\/#breadcrumb","itemListElement":[{"@type":"ListItem","position":1,"name":"Home","item":"https:\/\/vanbeek-recycel.nl\/"},{"@type":"ListItem","position":2,"name":"Tips voor het combineren van een groene blouse met je garderobe"}]},{"@type":"WebSite","@id":"https:\/\/vanbeek-recycel.nl\/#website","url":"https:\/\/vanbeek-recycel.nl\/","name":"vanbeek-recycel.nl","description":"Tips voor jouw perfecte look en stijl","potentialAction":[{"@type":"SearchAction","target":{"@type":"EntryPoint","urlTemplate":"https:\/\/vanbeek-recycel.nl\/?s={search_term_string}"},"query-input":"required name=search_term_string"}],"inLanguage":"ro-RO"},{"@type":"Person","@id":"https:\/\/vanbeek-recycel.nl\/#\/schema\/person\/f254f6153451f4947b1d0db720fdcfb9","name":"Axel Leclercq","image":{"@type":"ImageObject","inLanguage":"ro-RO","@id":"https:\/\/vanbeek-recycel.nl\/#\/schema\/person\/image\/","url":"https:\/\/vanbeek-recycel.nl\/wp-content\/uploads\/axel-leclercq_avatar-96x96.jpg","contentUrl":"https:\/\/vanbeek-recycel.nl\/wp-content\/uploads\/axel-leclercq_avatar-96x96.jpg","caption":"Axel Leclercq"},"description":"Axel Leclercq is een mode-expert met meer dan tien jaar ervaring in de mode-industrie. Na zijn studie modecommunicatie werkte hij als stylist en redacteur voor toonaangevende modetijdschriften. Tegenwoordig deelt hij zijn passie en kennis via blogs, workshops en stijladvies.","url":"https:\/\/vanbeek-recycel.nl\/ro\/author\/axel-leclercq\/"}]}},"yoast_meta":{"yoast_wpseo_title":"","yoast_wpseo_metadesc":"","yoast_wpseo_canonical":"https:\/\/vanbeek-recycel.nl\/ro\/wp-json\/wp\/v2\/posts\/98"},"_links":{"self":[{"href":"https:\/\/vanbeek-recycel.nl\/ro\/wp-json\/wp\/v2\/posts\/98","targetHints":{"allow":["GET"]}}],"collection":[{"href":"https:\/\/vanbeek-recycel.nl\/ro\/wp-json\/wp\/v2\/posts"}],"about":[{"href":"https:\/\/vanbeek-recycel.nl\/ro\/wp-json\/wp\/v2\/types\/post"}],"author":[{"embeddable":true,"href":"https:\/\/vanbeek-recycel.nl\/ro\/wp-json\/wp\/v2\/users\/1"}],"replies":[{"embeddable":true,"href":"https:\/\/vanbeek-recycel.nl\/ro\/wp-json\/wp\/v2\/comments?post=98"}],"version-history":[{"count":1,"href":"https:\/\/vanbeek-recycel.nl\/ro\/wp-json\/wp\/v2\/posts\/98\/revisions"}],"predecessor-version":[{"id":116,"href":"https:\/\/vanbeek-recycel.nl\/ro\/wp-json\/wp\/v2\/posts\/98\/revisions\/116"}],"wp:featuredmedia":[{"embeddable":true,"href":"https:\/\/vanbeek-recycel.nl\/ro\/wp-json\/wp\/v2\/media\/69"}],"wp:attachment":[{"href":"https:\/\/vanbeek-recycel.nl\/ro\/wp-json\/wp\/v2\/media?parent=98"}],"wp:term":[{"taxonomy":"category","embeddable":true,"href":"https:\/\/vanbeek-recycel.nl\/ro\/wp-json\/wp\/v2\/categories?post=98"},{"taxonomy":"post_tag","embeddable":true,"href":"https:\/\/vanbeek-recycel.nl\/ro\/wp-json\/wp\/v2\/tags?post=98"}],"curies":[{"name":"wp","href":"https:\/\/api.w.org\/{rel}","templated":true}]}}